{"id":1034,"date":"2025-02-17T17:11:32","date_gmt":"2025-02-17T15:11:32","guid":{"rendered":"https:\/\/justknow.pl\/?p=1034"},"modified":"2025-04-14T15:24:16","modified_gmt":"2025-04-14T13:24:16","slug":"laczenie-urlopu-rodzicielskiego-z-praca","status":"publish","type":"post","link":"https:\/\/justknow.pl\/index.php\/2025\/02\/17\/laczenie-urlopu-rodzicielskiego-z-praca\/","title":{"rendered":"\u0141\u0105czenie urlopu rodzicielskiego z prac\u0105"},"content":{"rendered":"\n<p>Urlop rodzicielski to urlop udzielany Tobie, jako pracownikowi, w celu sprawowania opieki nad dzieckiem. \u0141\u0105czenie urlopu rodzicielskiego z prac\u0105 to \u015bwietna opcja dla rodzic\u00f3w, kt\u00f3rzy nie chc\u0105 zupe\u0142nie rezygnowa\u0107 z kariery. W niniejszym artykule przygl\u0105dam si\u0119 bli\u017cej zasadom korzystania z urlopu rodzicielskiego i jednoczesnego \u0142\u0105czenia go z prac\u0105 u pracodawcy, kt\u00f3ry tego urlopu udzieli\u0142.<\/p>\n\n\n\n<p> Urlop rodzicielski przys\u0142uguje w wymiarze:<\/p>\n\n\n\n<ul class=\"wp-block-list\">\n<li>41 tygodni przy urodzeniu jednego dziecka<\/li>\n\n\n\n<li>42 tygodni przy ci\u0105\u017cy mnogiej.<\/li>\n<\/ul>\n\n\n\n<p>Je\u015bli, jako rodzic, posiadasz za\u015bwiadczenie lekarskie \u201cZa \u017cyciem\u201d limity s\u0105 nieco wy\u017csze i wynosz\u0105:<\/p>\n\n\n\n<ul class=\"wp-block-list\">\n<li>65 tygodni przy urodzeniu jednego dziecka<\/li>\n\n\n\n<li>67 tygodni przy ci\u0105\u017cy mnogiej.<\/li>\n<\/ul>\n\n\n\n<p>Powy\u017csze wymiary przys\u0142uguj\u0105 <strong>\u0142\u0105cznie <\/strong>obojgu rodzicom, przy czym 9 tygodni z tej puli przys\u0142uguje ka\u017cdemu z rodzic\u00f3w. Jest ono niezbywalne. Je\u015bli nie zostanie wykorzystane w odpowiednim czasie, niestety przepadnie. Oznacza to, \u017ce jedno z rodzic\u00f3w mo\u017ce wykorzysta\u0107 <strong>maksymalnie 32 tygodnie<\/strong> urlopu rodzicielskiego.<\/p>\n\n\n\n<p>Z urlopu rodzicielskiego rodzice mog\u0105 korzysta\u0107 jednocze\u015bnie, wa\u017cne aby wsp\u00f3lnie nie przekroczyli limit\u00f3w, kt\u00f3re wskaza\u0142am powy\u017cej. Dla urlopu rodzicielskiego ojca dziecka &#8211; pracownika, nie ma znaczenia, czy matka dziecka w dniu porodu by\u0142a ubezpieczona oraz czy wykorzysta\u0142a wcze\u015bniej urlop macierzy\u0144ski. Obecnie ojciec dziecka mo\u017ce korzysta\u0107 z urlopu rodzicielskiego ju\u017c od pierwszego dnia narodzin dziecka. Matka w tym czasie mo\u017ce przebywa\u0107 np. na urlopie macierzy\u0144skim, je\u015bli jej przys\u0142uguje.<\/p>\n\n\n\n<h2 class=\"wp-block-heading\">Urlop jednorazowo lub w 5 cz\u0119\u015bciach<\/h2>\n\n\n\n<p>Urlop rodzicielski udzielany jest jednorazowo lub w maksymalnie 5 cz\u0119\u015bciach, niezale\u017cnie od ich d\u0142ugo\u015bci. Liczb\u0119 cz\u0119\u015bci ustala si\u0119 na podstawie liczby z\u0142o\u017conych przez Ciebie wniosk\u00f3w o udzielenie urlopu. Je\u015bli nie chcesz, aby urlop przepad\u0142, wykorzystaj go najp\u00f3\u017aniej do ko\u0144ca roku kalendarzowego, w kt\u00f3rym Twoje dziecko ko\u0144czy 6 lat.<\/p>\n\n\n\n<h2 class=\"wp-block-heading\">Wniosek o urlop rodzicielski<\/h2>\n\n\n\n<p>Urlop zostanie Ci udzielony tylko na Tw\u00f3j wniosek, z\u0142o\u017cony w formie papierowej lub elektronicznie. W terminie <strong>nie kr\u00f3tszym<\/strong> ni\u017c na 21 dni przed planowanym rozpocz\u0119ciem tego urlopu. Taki wniosek <strong>jest dla pracodawcy wi\u0105\u017c\u0105cy tylko wtedy, gdy zachowasz powy\u017cszy termin<\/strong>.<\/p>\n\n\n\n<p>Zgodnie z \u00a7 14 Rozporz\u0105dzenia [1]<strong> <\/strong>we wniosku wskazujesz:<\/p>\n\n\n\n<ul class=\"wp-block-list\">\n<li>swoje imi\u0119 i nazwisko jako pracownika &#8211; rodzica<\/li>\n\n\n\n<li>okres dotychczas wykorzystanego urlopu rodzicielskiego oraz liczby wykorzystanych cz\u0119\u015bci urlopu rodzicielskiego<\/li>\n\n\n\n<li>okres, na kt\u00f3ry ma by\u0107 udzielony urlop rodzicielski lub jego cz\u0119\u015b\u0107.<\/li>\n<\/ul>\n\n\n\n<p>Do wniosku do\u0142\u0105cz:<\/p>\n\n\n\n<ul class=\"wp-block-list\">\n<li>odpis skr\u00f3cony aktu urodzenia dziecka (dzieci) lub zagraniczny dokument potwierdzaj\u0105cy urodzenie dziecka (dzieci). Wydany przez uprawniony organ dokonuj\u0105cy rejestracji urodzenia <em>w<\/em> danym kraju, albo kopie tych dokument\u00f3w<\/li>\n\n\n\n<li>swoje o\u015bwiadczenie o braku zamiaru korzystania z urlopu rodzicielskiego przez drugiego z rodzic\u00f3w dziecka przez okres wskazany we wniosku albo o okresie, <em>w<\/em> kt\u00f3rym drugi z rodzic\u00f3w dziecka zamierza korzysta\u0107 z urlopu rodzicielskiego<\/li>\n\n\n\n<li>kopi\u0119 za\u015bwiadczenia \u201cZa \u017cyciem\u201d je\u015bli takowe posiadasz.<\/li>\n<\/ul>\n\n\n\n<h2 class=\"wp-block-heading\">Rezygnacja z cz\u0119\u015bci urlopu rodzicielskiego<\/h2>\n\n\n\n<p>Je\u015bli w trakcie trwania urlopu dojdziesz do wniosku, \u017ce chcesz wr\u00f3ci\u0107 do pracy, mo\u017cesz z\u0142o\u017cy\u0107 wniosek swojemu pracodawcy. J<strong>e\u015bli ten wyrazi na to zgod\u0119<\/strong>, pozosta\u0142\u0105 cz\u0119\u015b\u0107 urlopu wykorzystasz w innym terminie. We wniosku wskazujesz podstawowe dane, takie jak swoje imi\u0119 i nazwisko, dane pracodawcy i dat\u0119 powrotu do pracy. <strong>UWAGA! <\/strong>przepisy wyra\u017anie wskazuj\u0105 na konieczno\u015b\u0107 zdobycia zgody pracodawcy na przerwanie urlopu rodzicielskiego i powr\u00f3t do pracy.<\/p>\n\n\n\n<h2 class=\"wp-block-heading\">\u0141\u0105czenie urlopu rodzicielskiego z wykonywaniem pracy u pracodawcy, kt\u00f3ry tego urlopu udzieli\u0142<\/h2>\n\n\n\n<p>Je\u015bli dojdziesz do wniosku, \u017ce b\u0119d\u0105c na urlopie rodzicielskim, chcesz jednocze\u015bnie pracowa\u0107 u tego samego pracodawcy, kt\u00f3ry Ci tego urlopu udzieli\u0142, mo\u017cesz wykonywa\u0107 swoj\u0105 dotychczasow\u0105 prac\u0119 na max \u00bd etatu. Pozosta\u0142a po\u0142owa etatu b\u0119dzie przeznaczona na urlop rodzicielski.&nbsp;<\/p>\n\n\n\n<h2 class=\"wp-block-heading\">Wyd\u0142u\u017cenie urlopu<\/h2>\n\n\n\n<p>Konsekwencj\u0105 \u0142\u0105czenia urlopu rodzicielskiego z wykonywaniem pracy u pracodawcy, kt\u00f3ry Ci tego urlopu udzieli\u0142 jest wyd\u0142u\u017cenie tego urlopu.<\/p>\n\n\n\n<p>Wyd\u0142u\u017cenie to <strong>jest proporcjonalne do wymiaru czasu pracy<\/strong> wykonywanej przez Ciebie w trakcie korzystania z urlopu lub jego cz\u0119\u015bci, ale nie d\u0142u\u017cej ni\u017c do:<\/p>\n\n\n\n<ul class=\"wp-block-list\">\n<li>82 tygodni przy urodzeniu jednego dziecka<\/li>\n\n\n\n<li>86 tygodni przy porodzie mnogim.<\/li>\n<\/ul>\n\n\n\n<p>Je\u015bli posiadasz natomiast za\u015bwiadczenie \u201cZa \u017cyciem\u201d nie d\u0142u\u017cej ni\u017c do:<\/p>\n\n\n\n<ul class=\"wp-block-list\">\n<li>130 tygodni przy urodzeniu jednego dziecka<\/li>\n\n\n\n<li>134 tygodni przy porodzie mnogim.<\/li>\n<\/ul>\n\n\n\n<p>O ile wyd\u0142u\u017ca si\u0119 urlop?<\/p>\n\n\n\n<p>Okres wyd\u0142u\u017caj\u0105cy urlop rodzicielski stanowi <strong>iloczyn liczby tygodni, przez jak\u0105 \u0142\u0105czysz korzystanie z urlopu z wykonywaniem pracy i wymiaru czasu pracy<\/strong> wykonywanej w trakcie korzystania z tego urlopu.<\/p>\n\n\n\n<p><strong>Przyk\u0142ad:<\/strong><\/p>\n\n\n\n<p>Wniosek o \u0142\u0105czenie 32 tygodni urlopu rodzicielskiego z prac\u0105 na \u00bd etatu.<\/p>\n\n\n\n<p><strong>32 x \u00bd = 16 tygodni <\/strong>(okres wyd\u0142u\u017cenia)<\/p>\n\n\n\n<p>Standardowy urlop rodzicielski 32 tygodnie \u0142\u0105czysz z prac\u0105 na \u00bd etatu. Po tym czasie korzystasz z 16 tygodni urlopu rodzicielskiego, kt\u00f3ry powsta\u0142 z proporcjonalnego wyd\u0142u\u017cenia.<\/p>\n\n\n\n<p>Je\u015bli powsta\u0142a w wyniku proporcjonalnego wyd\u0142u\u017cenia wymiaru urlopu rodzicielskiego cz\u0119\u015b\u0107 tego urlopu nie odpowiada wielokrotno\u015bci tygodnia, jest ona udzielana w dniach. Niepe\u0142ny dzie\u0144 si\u0119 pomija.<\/p>\n\n\n\n<p><strong>Przyk\u0142ad:<\/strong><\/p>\n\n\n\n<p>11 tygodni urlopu rodzicielskiego \u0142\u0105czonego z prac\u0105 na \u00bc etatu<\/p>\n\n\n\n<p>11 x \u00bc = 2,75 tygodnia (okres wyd\u0142u\u017cenia)<\/p>\n\n\n\n<p>7 dni x 0,75 tygodnia = 5,25 dnia<\/p>\n\n\n\n<p><strong>pomijamy niepe\u0142ny dzie\u0144, wi\u0119c okres wyd\u0142u\u017cenia to 2 tygodnie i 5 dni.<\/strong><\/p>\n\n\n\n<h2 class=\"wp-block-heading\">Praca podczas wyd\u0142u\u017conego okresu urlopu rodzicielskiego<\/h2>\n\n\n\n<p>Je\u015bli chcesz, mo\u017cesz r\u00f3wnie\u017c \u0142\u0105czy\u0107 prac\u0119 na cz\u0119\u015b\u0107 etatu z t\u0105 cz\u0119\u015bci\u0105 urlopu rodzicielskiego, kt\u00f3ra powsta\u0142a w wyniku jego proporcjonalnego wyd\u0142u\u017cenia. Mo\u017cesz pracowa\u0107 maksymalnie na \u00bd etatu.<\/p>\n\n\n\n<p>W takim przypadku d\u0142ugo\u015b\u0107 wyd\u0142u\u017conego urlopu oblicza si\u0119 nieco inaczej:<\/p>\n\n\n\n<p><strong>Dzielimy czas tej dodatkowej cz\u0119\u015bci urlopu przez r\u00f3\u017cnic\u0119 mi\u0119dzy 1 a wymiarem etatu, w kt\u00f3rym b\u0119dziesz pracowa\u0107 podczas tej wyd\u0142u\u017conej cz\u0119\u015bci urlopu rodzicielskiego.<\/strong><\/p>\n\n\n\n<p><strong>Przyk\u0142ad:<\/strong><\/p>\n\n\n\n<p>32 tygodnie urlopu rodzicielskiego \u0142\u0105czonego z prac\u0105 na \u00bd etatu, wyd\u0142u\u017cony okres urlopu rodzicielskiego r\u00f3wnie\u017c b\u0119dzie \u0142\u0105czony z prac\u0105 na \u00bc etatu.<\/p>\n\n\n\n<p>32 x \u00bd = 16&nbsp;<\/p>\n\n\n\n<p>16 : ( 1 &#8211; \u00bc ) = 21,333<\/p>\n\n\n\n<p>7 dni x 0,333 = 2,331 &#8211; niepe\u0142ne dni pomijamy wi\u0119c pozostaj\u0105 2 dni,<\/p>\n\n\n\n<p>\u0142\u0105cznie: 32 tygodnie + 21 tygodni 2 dni = 53 tygodnie i 2 dni.&nbsp;<\/p>\n\n\n\n<p>Przez 32 tygodnie \u0142\u0105czysz urlop rodzicielski z prac\u0105 na \u00bd etatu nast\u0119pnie przez 21 tygodni i 2 dni \u0142\u0105czysz urlop z prac\u0105 na \u00bc etatu.<\/p>\n\n\n\n<p>\u0141\u0105czy\u0107 urlop rodzicielski z prac\u0105 na max \u00bd etatu mog\u0105 jednocze\u015bnie oboje rodzic\u00f3w &#8211; pracownik\u00f3w. Wszystko oczywi\u015bcie z zachowaniem limit\u00f3w d\u0142ugo\u015bci urlopu rodzicielskiego.<\/p>\n\n\n\n<p><strong>Przyk\u0142ad:<\/strong><\/p>\n\n\n\n<p>Matka i ojciec chc\u0105 jednocze\u015bnie korzysta\u0107 z urlopu rodzicielskiego i \u0142\u0105czy\u0107 go z wykonywaniem pracy na \u00bd etatu u pracodawcy, kt\u00f3ry im tego urlopu udzieli\u0142. Matka zawnioskowa\u0142a o 21 tygodni urlopu a ojciec o 20 tygodni. Podczas wyd\u0142u\u017conego proporcjonalnie okresu urlopu rodzicielskiego r\u00f3wnie\u017c chc\u0105 pracowa\u0107 na \u00bd etatu.<\/p>\n\n\n\n<p>Urlop rodzicielski matki:<\/p>\n\n\n\n<p>21 x \u00bd = 10,5 tygodnia<\/p>\n\n\n\n<p>10,5 : (1 &#8211; 1\/2) = 21 tygodni<\/p>\n\n\n\n<p>21 + 21 = <strong>42 tygodnie<\/strong><\/p>\n\n\n\n<p>Urlop rodzicielski ojca:<\/p>\n\n\n\n<p>20 x \u00bd = 10 tygodni<\/p>\n\n\n\n<p>10 : (1 &#8211; 1\/2) = 20<\/p>\n\n\n\n<p>20 + 20 = <strong>40 tygodni<\/strong><\/p>\n\n\n\n<p>\u0141\u0105cznie oboje rodzic\u00f3w wykorzystaj\u0105 82 tygodnie urlopu rodzicielskiego czyli maksymaln\u0105 d\u0142ugo\u015b\u0107 przewidzian\u0105 przepisami Kodeksu pracy. Podczas ca\u0142ego okresu urlopu b\u0119d\u0105 \u015bwiadczy\u0107 prac\u0119 na \u00bd etatu dla swojego pracodawcy, kt\u00f3ry im tego urlopu udzieli\u0142.<\/p>\n\n\n\n<h2 class=\"wp-block-heading\">Wniosek o \u0142\u0105czenie urlopu rodzicielskiego z prac\u0105<\/h2>\n\n\n\n<p>Je\u015bli ju\u017c si\u0119 zdecydujesz na \u0142\u0105czenie urlopu rodzicielskiego z prac\u0105, z\u0142\u00f3\u017c swojemu pracodawcy wniosek . Wniosek powinien by\u0107 w formie papierowej lub elektronicznej, z\u0142o\u017cony na <strong>minimum 21 dni <\/strong>przed rozpocz\u0119ciem wykonywania pracy. Pracodawca jest obowi\u0105zany uwzgl\u0119dni\u0107 wniosek, je\u015bli oczywi\u015bcie organizacja pracy oraz wykonywana przez Ciebie praca na to pozwoli. Wniosek o \u0142\u0105czenie urlopu rodzicielskiego z prac\u0105 mo\u017cna z\u0142o\u017cy\u0107 przed jego rozpocz\u0119ciem lub w jego trakcie. Je\u015bli z\u0142o\u017cysz go w trakcie urlopu, nie b\u0119dzie to mia\u0142o wp\u0142ywu na liczb\u0119 cz\u0119\u015bci udzielonego ju\u017c urlopu. Je\u015bli pracodawca nie zgodzi si\u0119 na \u0142\u0105czenie urlopu z prac\u0105, o przyczynie odmowy informuje Ci\u0119 w formie papierowej lub elektronicznej w ci\u0105gu 7 dni od dnia otrzymania wniosku.<\/p>\n\n\n\n<p>Zgodnie z \u00a715 Rozporz\u0105dzenia [1] wniosek o \u0142\u0105czenie urlopu rodzicielskiego z prac\u0105 musi zawiera\u0107:<\/p>\n\n\n\n<ul class=\"wp-block-list\">\n<li>Twoje imi\u0119 i nazwisko<\/li>\n\n\n\n<li>okre\u015blenie wymiaru czasu pracy w jakim zamierzasz pracowa\u0107<\/li>\n\n\n\n<li>okres, w kt\u00f3rym zamierzasz \u0142\u0105czy\u0107 korzystanie z urlopu rodzicielskiego lub jego cz\u0119\u015bci z wykonywaniem pracy w niepe\u0142nym wymiarze czasu pracy<\/li>\n\n\n\n<li>Twoje o\u015bwiadczenie o zamiarze \u0142\u0105czenia cz\u0119\u015bci urlopu rodzicielskiego powsta\u0142ej w wyniku proporcjonalnego wyd\u0142u\u017cenia tego urlopu z prac\u0105 w wymiarze nie wy\u017cszym ni\u017c po\u0142owa pe\u0142nego wymiaru czasu pracy, z okre\u015bleniem wymiaru czasu pracy, albo o braku takiego zamiaru.<\/li>\n<\/ul>\n\n\n\n<p>Pami\u0119taj! Je\u015bli podczas urlopu rodzicielskiego pracujesz na cz\u0119\u015b\u0107 etatu NIE zmieni\u0142 si\u0119 wymiar Twojego etatu jaki wynika z umowy o prac\u0119.<\/p>\n\n\n\n<div style=\"height:25px\" aria-hidden=\"true\" class=\"wp-block-spacer\"><\/div>\n\n\n\n<p>[1] <a href=\"https:\/\/dziennikustaw.gov.pl\/DU\/2023\/937\">Rozporz\u0105dzenie Ministra Rodziny i Polityki Spo\u0142ecznej z dnia 8.05.2023 r. w sprawie wniosk\u00f3w dotycz\u0105cych uprawnie\u0144 pracownik\u00f3w zwi\u0105zanych z rodzicielstwem oraz dokument\u00f3w do\u0142\u0105czanych do takich wniosk\u00f3w (Dz.U.2023.937)<\/a><\/p>\n\n\n\n<div style=\"height:25px\" aria-hidden=\"true\" class=\"wp-block-spacer\"><\/div>\n","protected":false},"excerpt":{"rendered":"<p>Urlop rodzicielski to urlop udzielany Tobie, jako pracownikowi, w celu sprawowania opieki nad dzieckiem. \u0141\u0105czenie urlopu rodzicielskiego z prac\u0105 to \u015bwietna opcja dla rodzic\u00f3w, kt\u00f3rzy nie chc\u0105 zupe\u0142nie rezygnowa\u0107 z kariery. W niniejszym artykule przygl\u0105dam si\u0119 bli\u017cej zasadom korzystania z urlopu rodzicielskiego i jednoczesnego \u0142\u0105czenia go z prac\u0105 u pracodawcy, kt\u00f3ry tego urlopu udzieli\u0142. Urlop [&hellip;]<\/p>\n","protected":false},"author":2,"featured_media":1038,"comment_status":"open","ping_status":"open","sticky":false,"template":"","format":"standard","meta":{"footnotes":""},"categories":[48],"tags":[50,49,51],"class_list":["post-1034","post","type-post","status-publish","format-standard","has-post-thumbnail","hentry","category-urlop-rodzicielski","tag-macierzynstwo","tag-urlop-rodzicielski","tag-wnosek-o-rodzicielski"],"yoast_head":"<!-- This site is optimized with the Yoast SEO plugin v27.5 - https:\/\/yoast.com\/product\/yoast-seo-wordpress\/ -->\n<title>\u0141\u0105czenie urlopu rodzicielskiego z prac\u0105 - Just know<\/title>\n<meta name=\"description\" content=\"\u0141\u0105czenie urlopu rodzicielskiego z prac\u0105 u pracodawcy udzielaj\u0105cego tego urlopu jest mo\u017cliwe i bardzo proste. Jakie warunki nale\u017cy spe\u0142ni\u0107?\" \/>\n<meta name=\"robots\" content=\"index, follow, max-snippet:-1, max-image-preview:large, max-video-preview:-1\" \/>\n<link rel=\"canonical\" href=\"https:\/\/justknow.pl\/index.php\/2025\/02\/17\/laczenie-urlopu-rodzicielskiego-z-praca\/\" \/>\n<meta property=\"og:locale\" content=\"pl_PL\" \/>\n<meta property=\"og:type\" content=\"article\" \/>\n<meta property=\"og:title\" content=\"\u0141\u0105czenie urlopu rodzicielskiego z prac\u0105 - Just know\" \/>\n<meta property=\"og:description\" content=\"\u0141\u0105czenie urlopu rodzicielskiego z prac\u0105 u pracodawcy udzielaj\u0105cego tego urlopu jest mo\u017cliwe i bardzo proste. Jakie warunki nale\u017cy spe\u0142ni\u0107?\" \/>\n<meta property=\"og:url\" content=\"https:\/\/justknow.pl\/index.php\/2025\/02\/17\/laczenie-urlopu-rodzicielskiego-z-praca\/\" \/>\n<meta property=\"og:site_name\" content=\"Just know\" \/>\n<meta property=\"article:published_time\" content=\"2025-02-17T15:11:32+00:00\" \/>\n<meta property=\"article:modified_time\" content=\"2025-04-14T13:24:16+00:00\" \/>\n<meta property=\"og:image\" content=\"https:\/\/justknow.pl\/wp-content\/uploads\/2025\/02\/baby-1299514_1280.png\" \/>\n\t<meta property=\"og:image:width\" content=\"1200\" \/>\n\t<meta property=\"og:image:height\" content=\"660\" \/>\n\t<meta property=\"og:image:type\" content=\"image\/png\" \/>\n<meta name=\"author\" content=\"Milena Ga\u0142decka\" \/>\n<meta name=\"twitter:card\" content=\"summary_large_image\" \/>\n<meta name=\"twitter:label1\" content=\"Napisane przez\" \/>\n\t<meta name=\"twitter:data1\" content=\"Milena Ga\u0142decka\" \/>\n\t<meta name=\"twitter:label2\" content=\"Szacowany czas czytania\" \/>\n\t<meta name=\"twitter:data2\" content=\"8 minut\" \/>\n<script type=\"application\/ld+json\" class=\"yoast-schema-graph\">{\"@context\":\"https:\\\/\\\/schema.org\",\"@graph\":[{\"@type\":\"Article\",\"@id\":\"https:\\\/\\\/justknow.pl\\\/index.php\\\/2025\\\/02\\\/17\\\/laczenie-urlopu-rodzicielskiego-z-praca\\\/#article\",\"isPartOf\":{\"@id\":\"https:\\\/\\\/justknow.pl\\\/index.php\\\/2025\\\/02\\\/17\\\/laczenie-urlopu-rodzicielskiego-z-praca\\\/\"},\"author\":{\"name\":\"Milena Ga\u0142decka\",\"@id\":\"https:\\\/\\\/justknow.pl\\\/#\\\/schema\\\/person\\\/172bd2c8d386991627c61dd69901d9fd\"},\"headline\":\"\u0141\u0105czenie urlopu rodzicielskiego z prac\u0105\",\"datePublished\":\"2025-02-17T15:11:32+00:00\",\"dateModified\":\"2025-04-14T13:24:16+00:00\",\"mainEntityOfPage\":{\"@id\":\"https:\\\/\\\/justknow.pl\\\/index.php\\\/2025\\\/02\\\/17\\\/laczenie-urlopu-rodzicielskiego-z-praca\\\/\"},\"wordCount\":1419,\"commentCount\":0,\"publisher\":{\"@id\":\"https:\\\/\\\/justknow.pl\\\/#\\\/schema\\\/person\\\/172bd2c8d386991627c61dd69901d9fd\"},\"image\":{\"@id\":\"https:\\\/\\\/justknow.pl\\\/index.php\\\/2025\\\/02\\\/17\\\/laczenie-urlopu-rodzicielskiego-z-praca\\\/#primaryimage\"},\"thumbnailUrl\":\"https:\\\/\\\/justknow.pl\\\/wp-content\\\/uploads\\\/2025\\\/02\\\/baby-1299514_1280.png\",\"keywords\":[\"macierzy\u0144stwo\",\"urlop rodzicielski\",\"wnosek o rodzicielski\"],\"articleSection\":[\"Urlop rodzicielski\"],\"inLanguage\":\"pl-PL\",\"potentialAction\":[{\"@type\":\"CommentAction\",\"name\":\"Comment\",\"target\":[\"https:\\\/\\\/justknow.pl\\\/index.php\\\/2025\\\/02\\\/17\\\/laczenie-urlopu-rodzicielskiego-z-praca\\\/#respond\"]}]},{\"@type\":\"WebPage\",\"@id\":\"https:\\\/\\\/justknow.pl\\\/index.php\\\/2025\\\/02\\\/17\\\/laczenie-urlopu-rodzicielskiego-z-praca\\\/\",\"url\":\"https:\\\/\\\/justknow.pl\\\/index.php\\\/2025\\\/02\\\/17\\\/laczenie-urlopu-rodzicielskiego-z-praca\\\/\",\"name\":\"\u0141\u0105czenie urlopu rodzicielskiego z prac\u0105 - Just know\",\"isPartOf\":{\"@id\":\"https:\\\/\\\/justknow.pl\\\/#website\"},\"primaryImageOfPage\":{\"@id\":\"https:\\\/\\\/justknow.pl\\\/index.php\\\/2025\\\/02\\\/17\\\/laczenie-urlopu-rodzicielskiego-z-praca\\\/#primaryimage\"},\"image\":{\"@id\":\"https:\\\/\\\/justknow.pl\\\/index.php\\\/2025\\\/02\\\/17\\\/laczenie-urlopu-rodzicielskiego-z-praca\\\/#primaryimage\"},\"thumbnailUrl\":\"https:\\\/\\\/justknow.pl\\\/wp-content\\\/uploads\\\/2025\\\/02\\\/baby-1299514_1280.png\",\"datePublished\":\"2025-02-17T15:11:32+00:00\",\"dateModified\":\"2025-04-14T13:24:16+00:00\",\"description\":\"\u0141\u0105czenie urlopu rodzicielskiego z prac\u0105 u pracodawcy udzielaj\u0105cego tego urlopu jest mo\u017cliwe i bardzo proste. Jakie warunki nale\u017cy spe\u0142ni\u0107?\",\"breadcrumb\":{\"@id\":\"https:\\\/\\\/justknow.pl\\\/index.php\\\/2025\\\/02\\\/17\\\/laczenie-urlopu-rodzicielskiego-z-praca\\\/#breadcrumb\"},\"inLanguage\":\"pl-PL\",\"potentialAction\":[{\"@type\":\"ReadAction\",\"target\":[\"https:\\\/\\\/justknow.pl\\\/index.php\\\/2025\\\/02\\\/17\\\/laczenie-urlopu-rodzicielskiego-z-praca\\\/\"]}]},{\"@type\":\"ImageObject\",\"inLanguage\":\"pl-PL\",\"@id\":\"https:\\\/\\\/justknow.pl\\\/index.php\\\/2025\\\/02\\\/17\\\/laczenie-urlopu-rodzicielskiego-z-praca\\\/#primaryimage\",\"url\":\"https:\\\/\\\/justknow.pl\\\/wp-content\\\/uploads\\\/2025\\\/02\\\/baby-1299514_1280.png\",\"contentUrl\":\"https:\\\/\\\/justknow.pl\\\/wp-content\\\/uploads\\\/2025\\\/02\\\/baby-1299514_1280.png\",\"width\":1200,\"height\":660},{\"@type\":\"BreadcrumbList\",\"@id\":\"https:\\\/\\\/justknow.pl\\\/index.php\\\/2025\\\/02\\\/17\\\/laczenie-urlopu-rodzicielskiego-z-praca\\\/#breadcrumb\",\"itemListElement\":[{\"@type\":\"ListItem\",\"position\":1,\"name\":\"Strona g\u0142\u00f3wna\",\"item\":\"https:\\\/\\\/justknow.pl\\\/\"},{\"@type\":\"ListItem\",\"position\":2,\"name\":\"\u0141\u0105czenie urlopu rodzicielskiego z prac\u0105\"}]},{\"@type\":\"WebSite\",\"@id\":\"https:\\\/\\\/justknow.pl\\\/#website\",\"url\":\"https:\\\/\\\/justknow.pl\\\/\",\"name\":\"Just know\",\"description\":\"po prostu wiedz\",\"publisher\":{\"@id\":\"https:\\\/\\\/justknow.pl\\\/#\\\/schema\\\/person\\\/172bd2c8d386991627c61dd69901d9fd\"},\"potentialAction\":[{\"@type\":\"SearchAction\",\"target\":{\"@type\":\"EntryPoint\",\"urlTemplate\":\"https:\\\/\\\/justknow.pl\\\/?s={search_term_string}\"},\"query-input\":{\"@type\":\"PropertyValueSpecification\",\"valueRequired\":true,\"valueName\":\"search_term_string\"}}],\"inLanguage\":\"pl-PL\"},{\"@type\":[\"Person\",\"Organization\"],\"@id\":\"https:\\\/\\\/justknow.pl\\\/#\\\/schema\\\/person\\\/172bd2c8d386991627c61dd69901d9fd\",\"name\":\"Milena Ga\u0142decka\",\"image\":{\"@type\":\"ImageObject\",\"inLanguage\":\"pl-PL\",\"@id\":\"https:\\\/\\\/justknow.pl\\\/wp-content\\\/uploads\\\/2025\\\/10\\\/cropped-ChatGPT-Image-8-paz-2025-16_13_29.png\",\"url\":\"https:\\\/\\\/justknow.pl\\\/wp-content\\\/uploads\\\/2025\\\/10\\\/cropped-ChatGPT-Image-8-paz-2025-16_13_29.png\",\"contentUrl\":\"https:\\\/\\\/justknow.pl\\\/wp-content\\\/uploads\\\/2025\\\/10\\\/cropped-ChatGPT-Image-8-paz-2025-16_13_29.png\",\"width\":832,\"height\":282,\"caption\":\"Milena Ga\u0142decka\"},\"logo\":{\"@id\":\"https:\\\/\\\/justknow.pl\\\/wp-content\\\/uploads\\\/2025\\\/10\\\/cropped-ChatGPT-Image-8-paz-2025-16_13_29.png\"},\"sameAs\":[\"http:\\\/\\\/justknow.pl\"],\"url\":\"https:\\\/\\\/justknow.pl\\\/index.php\\\/author\\\/milenagaldecka\\\/\"}]}<\/script>\n<!-- \/ Yoast SEO plugin. -->","yoast_head_json":{"title":"\u0141\u0105czenie urlopu rodzicielskiego z prac\u0105 - Just know","description":"\u0141\u0105czenie urlopu rodzicielskiego z prac\u0105 u pracodawcy udzielaj\u0105cego tego urlopu jest mo\u017cliwe i bardzo proste. Jakie warunki nale\u017cy spe\u0142ni\u0107?","robots":{"index":"index","follow":"follow","max-snippet":"max-snippet:-1","max-image-preview":"max-image-preview:large","max-video-preview":"max-video-preview:-1"},"canonical":"https:\/\/justknow.pl\/index.php\/2025\/02\/17\/laczenie-urlopu-rodzicielskiego-z-praca\/","og_locale":"pl_PL","og_type":"article","og_title":"\u0141\u0105czenie urlopu rodzicielskiego z prac\u0105 - Just know","og_description":"\u0141\u0105czenie urlopu rodzicielskiego z prac\u0105 u pracodawcy udzielaj\u0105cego tego urlopu jest mo\u017cliwe i bardzo proste. Jakie warunki nale\u017cy spe\u0142ni\u0107?","og_url":"https:\/\/justknow.pl\/index.php\/2025\/02\/17\/laczenie-urlopu-rodzicielskiego-z-praca\/","og_site_name":"Just know","article_published_time":"2025-02-17T15:11:32+00:00","article_modified_time":"2025-04-14T13:24:16+00:00","og_image":[{"width":1200,"height":660,"url":"https:\/\/justknow.pl\/wp-content\/uploads\/2025\/02\/baby-1299514_1280.png","type":"image\/png"}],"author":"Milena Ga\u0142decka","twitter_card":"summary_large_image","twitter_misc":{"Napisane przez":"Milena Ga\u0142decka","Szacowany czas czytania":"8 minut"},"schema":{"@context":"https:\/\/schema.org","@graph":[{"@type":"Article","@id":"https:\/\/justknow.pl\/index.php\/2025\/02\/17\/laczenie-urlopu-rodzicielskiego-z-praca\/#article","isPartOf":{"@id":"https:\/\/justknow.pl\/index.php\/2025\/02\/17\/laczenie-urlopu-rodzicielskiego-z-praca\/"},"author":{"name":"Milena Ga\u0142decka","@id":"https:\/\/justknow.pl\/#\/schema\/person\/172bd2c8d386991627c61dd69901d9fd"},"headline":"\u0141\u0105czenie urlopu rodzicielskiego z prac\u0105","datePublished":"2025-02-17T15:11:32+00:00","dateModified":"2025-04-14T13:24:16+00:00","mainEntityOfPage":{"@id":"https:\/\/justknow.pl\/index.php\/2025\/02\/17\/laczenie-urlopu-rodzicielskiego-z-praca\/"},"wordCount":1419,"commentCount":0,"publisher":{"@id":"https:\/\/justknow.pl\/#\/schema\/person\/172bd2c8d386991627c61dd69901d9fd"},"image":{"@id":"https:\/\/justknow.pl\/index.php\/2025\/02\/17\/laczenie-urlopu-rodzicielskiego-z-praca\/#primaryimage"},"thumbnailUrl":"https:\/\/justknow.pl\/wp-content\/uploads\/2025\/02\/baby-1299514_1280.png","keywords":["macierzy\u0144stwo","urlop rodzicielski","wnosek o rodzicielski"],"articleSection":["Urlop rodzicielski"],"inLanguage":"pl-PL","potentialAction":[{"@type":"CommentAction","name":"Comment","target":["https:\/\/justknow.pl\/index.php\/2025\/02\/17\/laczenie-urlopu-rodzicielskiego-z-praca\/#respond"]}]},{"@type":"WebPage","@id":"https:\/\/justknow.pl\/index.php\/2025\/02\/17\/laczenie-urlopu-rodzicielskiego-z-praca\/","url":"https:\/\/justknow.pl\/index.php\/2025\/02\/17\/laczenie-urlopu-rodzicielskiego-z-praca\/","name":"\u0141\u0105czenie urlopu rodzicielskiego z prac\u0105 - Just know","isPartOf":{"@id":"https:\/\/justknow.pl\/#website"},"primaryImageOfPage":{"@id":"https:\/\/justknow.pl\/index.php\/2025\/02\/17\/laczenie-urlopu-rodzicielskiego-z-praca\/#primaryimage"},"image":{"@id":"https:\/\/justknow.pl\/index.php\/2025\/02\/17\/laczenie-urlopu-rodzicielskiego-z-praca\/#primaryimage"},"thumbnailUrl":"https:\/\/justknow.pl\/wp-content\/uploads\/2025\/02\/baby-1299514_1280.png","datePublished":"2025-02-17T15:11:32+00:00","dateModified":"2025-04-14T13:24:16+00:00","description":"\u0141\u0105czenie urlopu rodzicielskiego z prac\u0105 u pracodawcy udzielaj\u0105cego tego urlopu jest mo\u017cliwe i bardzo proste. Jakie warunki nale\u017cy spe\u0142ni\u0107?","breadcrumb":{"@id":"https:\/\/justknow.pl\/index.php\/2025\/02\/17\/laczenie-urlopu-rodzicielskiego-z-praca\/#breadcrumb"},"inLanguage":"pl-PL","potentialAction":[{"@type":"ReadAction","target":["https:\/\/justknow.pl\/index.php\/2025\/02\/17\/laczenie-urlopu-rodzicielskiego-z-praca\/"]}]},{"@type":"ImageObject","inLanguage":"pl-PL","@id":"https:\/\/justknow.pl\/index.php\/2025\/02\/17\/laczenie-urlopu-rodzicielskiego-z-praca\/#primaryimage","url":"https:\/\/justknow.pl\/wp-content\/uploads\/2025\/02\/baby-1299514_1280.png","contentUrl":"https:\/\/justknow.pl\/wp-content\/uploads\/2025\/02\/baby-1299514_1280.png","width":1200,"height":660},{"@type":"BreadcrumbList","@id":"https:\/\/justknow.pl\/index.php\/2025\/02\/17\/laczenie-urlopu-rodzicielskiego-z-praca\/#breadcrumb","itemListElement":[{"@type":"ListItem","position":1,"name":"Strona g\u0142\u00f3wna","item":"https:\/\/justknow.pl\/"},{"@type":"ListItem","position":2,"name":"\u0141\u0105czenie urlopu rodzicielskiego z prac\u0105"}]},{"@type":"WebSite","@id":"https:\/\/justknow.pl\/#website","url":"https:\/\/justknow.pl\/","name":"Just know","description":"po prostu wiedz","publisher":{"@id":"https:\/\/justknow.pl\/#\/schema\/person\/172bd2c8d386991627c61dd69901d9fd"},"potentialAction":[{"@type":"SearchAction","target":{"@type":"EntryPoint","urlTemplate":"https:\/\/justknow.pl\/?s={search_term_string}"},"query-input":{"@type":"PropertyValueSpecification","valueRequired":true,"valueName":"search_term_string"}}],"inLanguage":"pl-PL"},{"@type":["Person","Organization"],"@id":"https:\/\/justknow.pl\/#\/schema\/person\/172bd2c8d386991627c61dd69901d9fd","name":"Milena Ga\u0142decka","image":{"@type":"ImageObject","inLanguage":"pl-PL","@id":"https:\/\/justknow.pl\/wp-content\/uploads\/2025\/10\/cropped-ChatGPT-Image-8-paz-2025-16_13_29.png","url":"https:\/\/justknow.pl\/wp-content\/uploads\/2025\/10\/cropped-ChatGPT-Image-8-paz-2025-16_13_29.png","contentUrl":"https:\/\/justknow.pl\/wp-content\/uploads\/2025\/10\/cropped-ChatGPT-Image-8-paz-2025-16_13_29.png","width":832,"height":282,"caption":"Milena Ga\u0142decka"},"logo":{"@id":"https:\/\/justknow.pl\/wp-content\/uploads\/2025\/10\/cropped-ChatGPT-Image-8-paz-2025-16_13_29.png"},"sameAs":["http:\/\/justknow.pl"],"url":"https:\/\/justknow.pl\/index.php\/author\/milenagaldecka\/"}]}},"_links":{"self":[{"href":"https:\/\/justknow.pl\/index.php\/wp-json\/wp\/v2\/posts\/1034","targetHints":{"allow":["GET"]}}],"collection":[{"href":"https:\/\/justknow.pl\/index.php\/wp-json\/wp\/v2\/posts"}],"about":[{"href":"https:\/\/justknow.pl\/index.php\/wp-json\/wp\/v2\/types\/post"}],"author":[{"embeddable":true,"href":"https:\/\/justknow.pl\/index.php\/wp-json\/wp\/v2\/users\/2"}],"replies":[{"embeddable":true,"href":"https:\/\/justknow.pl\/index.php\/wp-json\/wp\/v2\/comments?post=1034"}],"version-history":[{"count":12,"href":"https:\/\/justknow.pl\/index.php\/wp-json\/wp\/v2\/posts\/1034\/revisions"}],"predecessor-version":[{"id":1168,"href":"https:\/\/justknow.pl\/index.php\/wp-json\/wp\/v2\/posts\/1034\/revisions\/1168"}],"wp:featuredmedia":[{"embeddable":true,"href":"https:\/\/justknow.pl\/index.php\/wp-json\/wp\/v2\/media\/1038"}],"wp:attachment":[{"href":"https:\/\/justknow.pl\/index.php\/wp-json\/wp\/v2\/media?parent=1034"}],"wp:term":[{"taxonomy":"category","embeddable":true,"href":"https:\/\/justknow.pl\/index.php\/wp-json\/wp\/v2\/categories?post=1034"},{"taxonomy":"post_tag","embeddable":true,"href":"https:\/\/justknow.pl\/index.php\/wp-json\/wp\/v2\/tags?post=1034"}],"curies":[{"name":"wp","href":"https:\/\/api.w.org\/{rel}","templated":true}]}}