{"id":472,"date":"2025-01-18T18:34:37","date_gmt":"2025-01-18T16:34:37","guid":{"rendered":"https:\/\/justknow.pl\/?p=472"},"modified":"2025-03-01T15:27:37","modified_gmt":"2025-03-01T13:27:37","slug":"zauwazylem-blad-w-swiadectwie-pracy-czy-moge-zwrocic-sie-do-bylego-pracodawcy-o-korekte-takiego-swiadectwa","status":"publish","type":"post","link":"https:\/\/justknow.pl\/index.php\/2025\/01\/18\/zauwazylem-blad-w-swiadectwie-pracy-czy-moge-zwrocic-sie-do-bylego-pracodawcy-o-korekte-takiego-swiadectwa\/","title":{"rendered":"Zauwa\u017cy\u0142em b\u0142\u0105d w \u015bwiadectwie pracy. Czy mog\u0119 zwr\u00f3ci\u0107 si\u0119 do by\u0142ego pracodawcy o korekt\u0119 takiego \u015bwiadectwa?"},"content":{"rendered":"\n<p style=\"font-size:20px\">\u015awiadectwo pracy powinno by\u0107 wydane <strong>niezw\u0142ocznie <\/strong>po rozwi\u0105zaniu umowy o prac\u0119 lub wyga\u015bni\u0119ciu stosunku pracy. <strong>Wyj\u0105tkiem <\/strong>jest sytuacja, kiedy zamierzasz podpisa\u0107 ze swoim pracodawc\u0105 kolejn\u0105 umow\u0119 o prac\u0119 a przerwa mi\u0119dzy umowami <strong>nie przekroczy 7 dni<\/strong>. Wtedy \u015bwiadectwo pracy nie musi by\u0107 wystawione. Je\u015bli jednak b\u0119dziesz chcia\u0142 takie \u015bwiadectwo otrzyma\u0107, musisz z\u0142o\u017cy\u0107 <strong>wniosek <\/strong>w postaci papierowej lub elektronicznej. Pracodawca ma wtedy 7 dni od dnia jego otrzymania na wydanie takiego dokumentu.&nbsp;<\/p>\n\n\n\n<p style=\"font-size:20px\">Je\u015bli zauwa\u017cy\u0142e\u015b jakie\u015b b\u0142\u0119dy w danych zawartych w \u015bwiadectwie pracy, masz <strong>14 dni<\/strong> od dnia jego otrzymania na z\u0142o\u017cenie wniosku o sprostowanie. W takim wniosku wskazujesz co jest do poprawy.&nbsp;<\/p>\n\n\n\n<p style=\"font-size:20px\">Pracodawca ma <strong>7 dni od dnia otrzymania<\/strong> Twojego wniosku na skorygowanie \u015bwiadectwa pracy lub wydanie odmowy. Po odbiorze decyzji odmownej masz 14 dni na wniesienie \u017c\u0105dania o sprostowanie swojego \u015bwiadectwa pracy do s\u0105du pracy. Je\u015bli nie otrzymasz od pracodawcy zar\u00f3wno skorygowanego \u015bwiadectwa pracy jak i odmowy jego skorygowania, r\u00f3wnie\u017c mo\u017cesz z\u0142o\u017cy\u0107 \u017c\u0105danie o jego skorygowanie do s\u0105du pracy.&nbsp;<\/p>\n\n\n\n<p style=\"font-size:20px\">Je\u015bli pracodawca wyda Ci sprostowane \u015bwiadectwo pracy, to powinno ono by\u0107 z dat\u0105 bie\u017c\u0105c\u0105 i oczywi\u015bcie z aktualnymi danymi o sprostowanie kt\u00f3rych wnioskowa\u0142e\u015b.<\/p>\n\n\n\n<p style=\"font-size:20px\">Powy\u017csze terminy <strong>nie wykluczaj\u0105<\/strong> jednak mo\u017cliwo\u015bci zawnioskowania o sprostowanie \u015bwiadectwa pracy np. po paru miesi\u0105cach lub nawet latach od jego odbioru. Wtedy jednak pracodawca <strong>nie ma obowi\u0105zku<\/strong> uwzgl\u0119dniania takiego wniosku.<\/p>\n\n\n\n<p style=\"font-size:20px\">Je\u015bli wnioskujesz o sprostowanie \u015bwiadectwa pracy, kt\u00f3re otrzyma\u0142e\u015b wiele lat temu poniewa\u017c dopiero teraz wy\u0142apa\u0142e\u015b b\u0142\u0105d, musisz mie\u0107 na uwadze, \u017ce korekta je\u015bli b\u0119dzie wystawiona, to na <strong>aktualnym wzorze i wg obowi\u0105zuj\u0105cych przepis\u00f3w<\/strong>. Mo\u017ce si\u0119 wi\u0119c okaza\u0107, \u017ce z twojego \u015bwiadectwa pracy znikn\u0105 niekt\u00f3re dane poniewa\u017c obecne przepisy nie przewiduj\u0105 umieszczania ich w \u015bwiadectwie pracy.&nbsp;<\/p>\n\n\n\n<div style=\"height:25px\" aria-hidden=\"true\" class=\"wp-block-spacer\"><\/div>\n","protected":false},"excerpt":{"rendered":"<p>\u015awiadectwo pracy powinno by\u0107 wydane niezw\u0142ocznie po rozwi\u0105zaniu umowy o prac\u0119 lub wyga\u015bni\u0119ciu stosunku pracy. Wyj\u0105tkiem jest sytuacja, kiedy zamierzasz podpisa\u0107 ze swoim pracodawc\u0105 kolejn\u0105 umow\u0119 o prac\u0119 a przerwa mi\u0119dzy umowami nie przekroczy 7 dni. Wtedy \u015bwiadectwo pracy nie musi by\u0107 wystawione. Je\u015bli jednak b\u0119dziesz chcia\u0142 takie \u015bwiadectwo otrzyma\u0107, musisz z\u0142o\u017cy\u0107 wniosek w postaci [&hellip;]<\/p>\n","protected":false},"author":2,"featured_media":665,"comment_status":"open","ping_status":"open","sticky":false,"template":"","format":"standard","meta":{"footnotes":""},"categories":[36,37],"tags":[40,39,38,41],"class_list":["post-472","post","type-post","status-publish","format-standard","has-post-thumbnail","hentry","category-umowa-o-prace","category-zakonczenie-umowy-o-prace","tag-bledy-w-swiadectwie-pracy","tag-korekta-swiadectwa-pracy","tag-swiadectwo-pracy","tag-zakonczenie-umowy-o-prace"],"yoast_head":"<!-- This site is optimized with the Yoast SEO plugin v27.5 - https:\/\/yoast.com\/product\/yoast-seo-wordpress\/ -->\n<title>Zauwa\u017cy\u0142em b\u0142\u0105d w \u015bwiadectwie pracy. Czy mog\u0119 zwr\u00f3ci\u0107 si\u0119 do by\u0142ego pracodawcy o korekt\u0119 takiego \u015bwiadectwa? - Just know<\/title>\n<meta name=\"robots\" content=\"index, follow, max-snippet:-1, max-image-preview:large, max-video-preview:-1\" \/>\n<link rel=\"canonical\" href=\"https:\/\/justknow.pl\/index.php\/2025\/01\/18\/zauwazylem-blad-w-swiadectwie-pracy-czy-moge-zwrocic-sie-do-bylego-pracodawcy-o-korekte-takiego-swiadectwa\/\" \/>\n<meta property=\"og:locale\" content=\"pl_PL\" \/>\n<meta property=\"og:type\" content=\"article\" \/>\n<meta property=\"og:title\" content=\"Zauwa\u017cy\u0142em b\u0142\u0105d w \u015bwiadectwie pracy. Czy mog\u0119 zwr\u00f3ci\u0107 si\u0119 do by\u0142ego pracodawcy o korekt\u0119 takiego \u015bwiadectwa? - Just know\" \/>\n<meta property=\"og:description\" content=\"\u015awiadectwo pracy powinno by\u0107 wydane niezw\u0142ocznie po rozwi\u0105zaniu umowy o prac\u0119 lub wyga\u015bni\u0119ciu stosunku pracy. Wyj\u0105tkiem jest sytuacja, kiedy zamierzasz podpisa\u0107 ze swoim pracodawc\u0105 kolejn\u0105 umow\u0119 o prac\u0119 a przerwa mi\u0119dzy umowami nie przekroczy 7 dni. Wtedy \u015bwiadectwo pracy nie musi by\u0107 wystawione. Je\u015bli jednak b\u0119dziesz chcia\u0142 takie \u015bwiadectwo otrzyma\u0107, musisz z\u0142o\u017cy\u0107 wniosek w postaci [&hellip;]\" \/>\n<meta property=\"og:url\" content=\"https:\/\/justknow.pl\/index.php\/2025\/01\/18\/zauwazylem-blad-w-swiadectwie-pracy-czy-moge-zwrocic-sie-do-bylego-pracodawcy-o-korekte-takiego-swiadectwa\/\" \/>\n<meta property=\"og:site_name\" content=\"Just know\" \/>\n<meta property=\"article:published_time\" content=\"2025-01-18T16:34:37+00:00\" \/>\n<meta property=\"article:modified_time\" content=\"2025-03-01T13:27:37+00:00\" \/>\n<meta property=\"og:image\" content=\"https:\/\/justknow.pl\/wp-content\/uploads\/2025\/01\/checklist-1266989_1920.png\" \/>\n\t<meta property=\"og:image:width\" content=\"1920\" \/>\n\t<meta property=\"og:image:height\" content=\"1326\" \/>\n\t<meta property=\"og:image:type\" content=\"image\/png\" \/>\n<meta name=\"author\" content=\"Milena Ga\u0142decka\" \/>\n<meta name=\"twitter:card\" content=\"summary_large_image\" \/>\n<meta name=\"twitter:label1\" content=\"Napisane przez\" \/>\n\t<meta name=\"twitter:data1\" content=\"Milena Ga\u0142decka\" \/>\n\t<meta name=\"twitter:label2\" content=\"Szacowany czas czytania\" \/>\n\t<meta name=\"twitter:data2\" content=\"2 minuty\" \/>\n<script type=\"application\/ld+json\" class=\"yoast-schema-graph\">{\"@context\":\"https:\\\/\\\/schema.org\",\"@graph\":[{\"@type\":\"Article\",\"@id\":\"https:\\\/\\\/justknow.pl\\\/index.php\\\/2025\\\/01\\\/18\\\/zauwazylem-blad-w-swiadectwie-pracy-czy-moge-zwrocic-sie-do-bylego-pracodawcy-o-korekte-takiego-swiadectwa\\\/#article\",\"isPartOf\":{\"@id\":\"https:\\\/\\\/justknow.pl\\\/index.php\\\/2025\\\/01\\\/18\\\/zauwazylem-blad-w-swiadectwie-pracy-czy-moge-zwrocic-sie-do-bylego-pracodawcy-o-korekte-takiego-swiadectwa\\\/\"},\"author\":{\"name\":\"Milena Ga\u0142decka\",\"@id\":\"https:\\\/\\\/justknow.pl\\\/#\\\/schema\\\/person\\\/172bd2c8d386991627c61dd69901d9fd\"},\"headline\":\"Zauwa\u017cy\u0142em b\u0142\u0105d w \u015bwiadectwie pracy. Czy mog\u0119 zwr\u00f3ci\u0107 si\u0119 do by\u0142ego pracodawcy o korekt\u0119 takiego \u015bwiadectwa?\",\"datePublished\":\"2025-01-18T16:34:37+00:00\",\"dateModified\":\"2025-03-01T13:27:37+00:00\",\"mainEntityOfPage\":{\"@id\":\"https:\\\/\\\/justknow.pl\\\/index.php\\\/2025\\\/01\\\/18\\\/zauwazylem-blad-w-swiadectwie-pracy-czy-moge-zwrocic-sie-do-bylego-pracodawcy-o-korekte-takiego-swiadectwa\\\/\"},\"wordCount\":336,\"commentCount\":0,\"publisher\":{\"@id\":\"https:\\\/\\\/justknow.pl\\\/#\\\/schema\\\/person\\\/172bd2c8d386991627c61dd69901d9fd\"},\"image\":{\"@id\":\"https:\\\/\\\/justknow.pl\\\/index.php\\\/2025\\\/01\\\/18\\\/zauwazylem-blad-w-swiadectwie-pracy-czy-moge-zwrocic-sie-do-bylego-pracodawcy-o-korekte-takiego-swiadectwa\\\/#primaryimage\"},\"thumbnailUrl\":\"https:\\\/\\\/justknow.pl\\\/wp-content\\\/uploads\\\/2025\\\/01\\\/checklist-1266989_1920.png\",\"keywords\":[\"b\u0142\u0119dy w \u015bwiadectwie pracy\",\"korekta \u015bwiadectwa pracy\",\"\u015bwiadectwo pracy\",\"zako\u0144czenie umowy o prac\u0119\"],\"articleSection\":[\"Umowa o prac\u0119\",\"Zako\u0144czenie umowy o prac\u0119\"],\"inLanguage\":\"pl-PL\",\"potentialAction\":[{\"@type\":\"CommentAction\",\"name\":\"Comment\",\"target\":[\"https:\\\/\\\/justknow.pl\\\/index.php\\\/2025\\\/01\\\/18\\\/zauwazylem-blad-w-swiadectwie-pracy-czy-moge-zwrocic-sie-do-bylego-pracodawcy-o-korekte-takiego-swiadectwa\\\/#respond\"]}]},{\"@type\":\"WebPage\",\"@id\":\"https:\\\/\\\/justknow.pl\\\/index.php\\\/2025\\\/01\\\/18\\\/zauwazylem-blad-w-swiadectwie-pracy-czy-moge-zwrocic-sie-do-bylego-pracodawcy-o-korekte-takiego-swiadectwa\\\/\",\"url\":\"https:\\\/\\\/justknow.pl\\\/index.php\\\/2025\\\/01\\\/18\\\/zauwazylem-blad-w-swiadectwie-pracy-czy-moge-zwrocic-sie-do-bylego-pracodawcy-o-korekte-takiego-swiadectwa\\\/\",\"name\":\"Zauwa\u017cy\u0142em b\u0142\u0105d w \u015bwiadectwie pracy. Czy mog\u0119 zwr\u00f3ci\u0107 si\u0119 do by\u0142ego pracodawcy o korekt\u0119 takiego \u015bwiadectwa? - Just know\",\"isPartOf\":{\"@id\":\"https:\\\/\\\/justknow.pl\\\/#website\"},\"primaryImageOfPage\":{\"@id\":\"https:\\\/\\\/justknow.pl\\\/index.php\\\/2025\\\/01\\\/18\\\/zauwazylem-blad-w-swiadectwie-pracy-czy-moge-zwrocic-sie-do-bylego-pracodawcy-o-korekte-takiego-swiadectwa\\\/#primaryimage\"},\"image\":{\"@id\":\"https:\\\/\\\/justknow.pl\\\/index.php\\\/2025\\\/01\\\/18\\\/zauwazylem-blad-w-swiadectwie-pracy-czy-moge-zwrocic-sie-do-bylego-pracodawcy-o-korekte-takiego-swiadectwa\\\/#primaryimage\"},\"thumbnailUrl\":\"https:\\\/\\\/justknow.pl\\\/wp-content\\\/uploads\\\/2025\\\/01\\\/checklist-1266989_1920.png\",\"datePublished\":\"2025-01-18T16:34:37+00:00\",\"dateModified\":\"2025-03-01T13:27:37+00:00\",\"breadcrumb\":{\"@id\":\"https:\\\/\\\/justknow.pl\\\/index.php\\\/2025\\\/01\\\/18\\\/zauwazylem-blad-w-swiadectwie-pracy-czy-moge-zwrocic-sie-do-bylego-pracodawcy-o-korekte-takiego-swiadectwa\\\/#breadcrumb\"},\"inLanguage\":\"pl-PL\",\"potentialAction\":[{\"@type\":\"ReadAction\",\"target\":[\"https:\\\/\\\/justknow.pl\\\/index.php\\\/2025\\\/01\\\/18\\\/zauwazylem-blad-w-swiadectwie-pracy-czy-moge-zwrocic-sie-do-bylego-pracodawcy-o-korekte-takiego-swiadectwa\\\/\"]}]},{\"@type\":\"ImageObject\",\"inLanguage\":\"pl-PL\",\"@id\":\"https:\\\/\\\/justknow.pl\\\/index.php\\\/2025\\\/01\\\/18\\\/zauwazylem-blad-w-swiadectwie-pracy-czy-moge-zwrocic-sie-do-bylego-pracodawcy-o-korekte-takiego-swiadectwa\\\/#primaryimage\",\"url\":\"https:\\\/\\\/justknow.pl\\\/wp-content\\\/uploads\\\/2025\\\/01\\\/checklist-1266989_1920.png\",\"contentUrl\":\"https:\\\/\\\/justknow.pl\\\/wp-content\\\/uploads\\\/2025\\\/01\\\/checklist-1266989_1920.png\",\"width\":1920,\"height\":1326},{\"@type\":\"BreadcrumbList\",\"@id\":\"https:\\\/\\\/justknow.pl\\\/index.php\\\/2025\\\/01\\\/18\\\/zauwazylem-blad-w-swiadectwie-pracy-czy-moge-zwrocic-sie-do-bylego-pracodawcy-o-korekte-takiego-swiadectwa\\\/#breadcrumb\",\"itemListElement\":[{\"@type\":\"ListItem\",\"position\":1,\"name\":\"Strona g\u0142\u00f3wna\",\"item\":\"https:\\\/\\\/justknow.pl\\\/\"},{\"@type\":\"ListItem\",\"position\":2,\"name\":\"Zauwa\u017cy\u0142em b\u0142\u0105d w \u015bwiadectwie pracy. Czy mog\u0119 zwr\u00f3ci\u0107 si\u0119 do by\u0142ego pracodawcy o korekt\u0119 takiego \u015bwiadectwa?\"}]},{\"@type\":\"WebSite\",\"@id\":\"https:\\\/\\\/justknow.pl\\\/#website\",\"url\":\"https:\\\/\\\/justknow.pl\\\/\",\"name\":\"Just know\",\"description\":\"po prostu wiedz\",\"publisher\":{\"@id\":\"https:\\\/\\\/justknow.pl\\\/#\\\/schema\\\/person\\\/172bd2c8d386991627c61dd69901d9fd\"},\"potentialAction\":[{\"@type\":\"SearchAction\",\"target\":{\"@type\":\"EntryPoint\",\"urlTemplate\":\"https:\\\/\\\/justknow.pl\\\/?s={search_term_string}\"},\"query-input\":{\"@type\":\"PropertyValueSpecification\",\"valueRequired\":true,\"valueName\":\"search_term_string\"}}],\"inLanguage\":\"pl-PL\"},{\"@type\":[\"Person\",\"Organization\"],\"@id\":\"https:\\\/\\\/justknow.pl\\\/#\\\/schema\\\/person\\\/172bd2c8d386991627c61dd69901d9fd\",\"name\":\"Milena Ga\u0142decka\",\"image\":{\"@type\":\"ImageObject\",\"inLanguage\":\"pl-PL\",\"@id\":\"https:\\\/\\\/justknow.pl\\\/wp-content\\\/uploads\\\/2025\\\/10\\\/cropped-ChatGPT-Image-8-paz-2025-16_13_29.png\",\"url\":\"https:\\\/\\\/justknow.pl\\\/wp-content\\\/uploads\\\/2025\\\/10\\\/cropped-ChatGPT-Image-8-paz-2025-16_13_29.png\",\"contentUrl\":\"https:\\\/\\\/justknow.pl\\\/wp-content\\\/uploads\\\/2025\\\/10\\\/cropped-ChatGPT-Image-8-paz-2025-16_13_29.png\",\"width\":832,\"height\":282,\"caption\":\"Milena Ga\u0142decka\"},\"logo\":{\"@id\":\"https:\\\/\\\/justknow.pl\\\/wp-content\\\/uploads\\\/2025\\\/10\\\/cropped-ChatGPT-Image-8-paz-2025-16_13_29.png\"},\"sameAs\":[\"http:\\\/\\\/justknow.pl\"],\"url\":\"https:\\\/\\\/justknow.pl\\\/index.php\\\/author\\\/milenagaldecka\\\/\"}]}<\/script>\n<!-- \/ Yoast SEO plugin. -->","yoast_head_json":{"title":"Zauwa\u017cy\u0142em b\u0142\u0105d w \u015bwiadectwie pracy. Czy mog\u0119 zwr\u00f3ci\u0107 si\u0119 do by\u0142ego pracodawcy o korekt\u0119 takiego \u015bwiadectwa? - Just know","robots":{"index":"index","follow":"follow","max-snippet":"max-snippet:-1","max-image-preview":"max-image-preview:large","max-video-preview":"max-video-preview:-1"},"canonical":"https:\/\/justknow.pl\/index.php\/2025\/01\/18\/zauwazylem-blad-w-swiadectwie-pracy-czy-moge-zwrocic-sie-do-bylego-pracodawcy-o-korekte-takiego-swiadectwa\/","og_locale":"pl_PL","og_type":"article","og_title":"Zauwa\u017cy\u0142em b\u0142\u0105d w \u015bwiadectwie pracy. Czy mog\u0119 zwr\u00f3ci\u0107 si\u0119 do by\u0142ego pracodawcy o korekt\u0119 takiego \u015bwiadectwa? - Just know","og_description":"\u015awiadectwo pracy powinno by\u0107 wydane niezw\u0142ocznie po rozwi\u0105zaniu umowy o prac\u0119 lub wyga\u015bni\u0119ciu stosunku pracy. Wyj\u0105tkiem jest sytuacja, kiedy zamierzasz podpisa\u0107 ze swoim pracodawc\u0105 kolejn\u0105 umow\u0119 o prac\u0119 a przerwa mi\u0119dzy umowami nie przekroczy 7 dni. Wtedy \u015bwiadectwo pracy nie musi by\u0107 wystawione. Je\u015bli jednak b\u0119dziesz chcia\u0142 takie \u015bwiadectwo otrzyma\u0107, musisz z\u0142o\u017cy\u0107 wniosek w postaci [&hellip;]","og_url":"https:\/\/justknow.pl\/index.php\/2025\/01\/18\/zauwazylem-blad-w-swiadectwie-pracy-czy-moge-zwrocic-sie-do-bylego-pracodawcy-o-korekte-takiego-swiadectwa\/","og_site_name":"Just know","article_published_time":"2025-01-18T16:34:37+00:00","article_modified_time":"2025-03-01T13:27:37+00:00","og_image":[{"width":1920,"height":1326,"url":"https:\/\/justknow.pl\/wp-content\/uploads\/2025\/01\/checklist-1266989_1920.png","type":"image\/png"}],"author":"Milena Ga\u0142decka","twitter_card":"summary_large_image","twitter_misc":{"Napisane przez":"Milena Ga\u0142decka","Szacowany czas czytania":"2 minuty"},"schema":{"@context":"https:\/\/schema.org","@graph":[{"@type":"Article","@id":"https:\/\/justknow.pl\/index.php\/2025\/01\/18\/zauwazylem-blad-w-swiadectwie-pracy-czy-moge-zwrocic-sie-do-bylego-pracodawcy-o-korekte-takiego-swiadectwa\/#article","isPartOf":{"@id":"https:\/\/justknow.pl\/index.php\/2025\/01\/18\/zauwazylem-blad-w-swiadectwie-pracy-czy-moge-zwrocic-sie-do-bylego-pracodawcy-o-korekte-takiego-swiadectwa\/"},"author":{"name":"Milena Ga\u0142decka","@id":"https:\/\/justknow.pl\/#\/schema\/person\/172bd2c8d386991627c61dd69901d9fd"},"headline":"Zauwa\u017cy\u0142em b\u0142\u0105d w \u015bwiadectwie pracy. Czy mog\u0119 zwr\u00f3ci\u0107 si\u0119 do by\u0142ego pracodawcy o korekt\u0119 takiego \u015bwiadectwa?","datePublished":"2025-01-18T16:34:37+00:00","dateModified":"2025-03-01T13:27:37+00:00","mainEntityOfPage":{"@id":"https:\/\/justknow.pl\/index.php\/2025\/01\/18\/zauwazylem-blad-w-swiadectwie-pracy-czy-moge-zwrocic-sie-do-bylego-pracodawcy-o-korekte-takiego-swiadectwa\/"},"wordCount":336,"commentCount":0,"publisher":{"@id":"https:\/\/justknow.pl\/#\/schema\/person\/172bd2c8d386991627c61dd69901d9fd"},"image":{"@id":"https:\/\/justknow.pl\/index.php\/2025\/01\/18\/zauwazylem-blad-w-swiadectwie-pracy-czy-moge-zwrocic-sie-do-bylego-pracodawcy-o-korekte-takiego-swiadectwa\/#primaryimage"},"thumbnailUrl":"https:\/\/justknow.pl\/wp-content\/uploads\/2025\/01\/checklist-1266989_1920.png","keywords":["b\u0142\u0119dy w \u015bwiadectwie pracy","korekta \u015bwiadectwa pracy","\u015bwiadectwo pracy","zako\u0144czenie umowy o prac\u0119"],"articleSection":["Umowa o prac\u0119","Zako\u0144czenie umowy o prac\u0119"],"inLanguage":"pl-PL","potentialAction":[{"@type":"CommentAction","name":"Comment","target":["https:\/\/justknow.pl\/index.php\/2025\/01\/18\/zauwazylem-blad-w-swiadectwie-pracy-czy-moge-zwrocic-sie-do-bylego-pracodawcy-o-korekte-takiego-swiadectwa\/#respond"]}]},{"@type":"WebPage","@id":"https:\/\/justknow.pl\/index.php\/2025\/01\/18\/zauwazylem-blad-w-swiadectwie-pracy-czy-moge-zwrocic-sie-do-bylego-pracodawcy-o-korekte-takiego-swiadectwa\/","url":"https:\/\/justknow.pl\/index.php\/2025\/01\/18\/zauwazylem-blad-w-swiadectwie-pracy-czy-moge-zwrocic-sie-do-bylego-pracodawcy-o-korekte-takiego-swiadectwa\/","name":"Zauwa\u017cy\u0142em b\u0142\u0105d w \u015bwiadectwie pracy. Czy mog\u0119 zwr\u00f3ci\u0107 si\u0119 do by\u0142ego pracodawcy o korekt\u0119 takiego \u015bwiadectwa? - Just know","isPartOf":{"@id":"https:\/\/justknow.pl\/#website"},"primaryImageOfPage":{"@id":"https:\/\/justknow.pl\/index.php\/2025\/01\/18\/zauwazylem-blad-w-swiadectwie-pracy-czy-moge-zwrocic-sie-do-bylego-pracodawcy-o-korekte-takiego-swiadectwa\/#primaryimage"},"image":{"@id":"https:\/\/justknow.pl\/index.php\/2025\/01\/18\/zauwazylem-blad-w-swiadectwie-pracy-czy-moge-zwrocic-sie-do-bylego-pracodawcy-o-korekte-takiego-swiadectwa\/#primaryimage"},"thumbnailUrl":"https:\/\/justknow.pl\/wp-content\/uploads\/2025\/01\/checklist-1266989_1920.png","datePublished":"2025-01-18T16:34:37+00:00","dateModified":"2025-03-01T13:27:37+00:00","breadcrumb":{"@id":"https:\/\/justknow.pl\/index.php\/2025\/01\/18\/zauwazylem-blad-w-swiadectwie-pracy-czy-moge-zwrocic-sie-do-bylego-pracodawcy-o-korekte-takiego-swiadectwa\/#breadcrumb"},"inLanguage":"pl-PL","potentialAction":[{"@type":"ReadAction","target":["https:\/\/justknow.pl\/index.php\/2025\/01\/18\/zauwazylem-blad-w-swiadectwie-pracy-czy-moge-zwrocic-sie-do-bylego-pracodawcy-o-korekte-takiego-swiadectwa\/"]}]},{"@type":"ImageObject","inLanguage":"pl-PL","@id":"https:\/\/justknow.pl\/index.php\/2025\/01\/18\/zauwazylem-blad-w-swiadectwie-pracy-czy-moge-zwrocic-sie-do-bylego-pracodawcy-o-korekte-takiego-swiadectwa\/#primaryimage","url":"https:\/\/justknow.pl\/wp-content\/uploads\/2025\/01\/checklist-1266989_1920.png","contentUrl":"https:\/\/justknow.pl\/wp-content\/uploads\/2025\/01\/checklist-1266989_1920.png","width":1920,"height":1326},{"@type":"BreadcrumbList","@id":"https:\/\/justknow.pl\/index.php\/2025\/01\/18\/zauwazylem-blad-w-swiadectwie-pracy-czy-moge-zwrocic-sie-do-bylego-pracodawcy-o-korekte-takiego-swiadectwa\/#breadcrumb","itemListElement":[{"@type":"ListItem","position":1,"name":"Strona g\u0142\u00f3wna","item":"https:\/\/justknow.pl\/"},{"@type":"ListItem","position":2,"name":"Zauwa\u017cy\u0142em b\u0142\u0105d w \u015bwiadectwie pracy. Czy mog\u0119 zwr\u00f3ci\u0107 si\u0119 do by\u0142ego pracodawcy o korekt\u0119 takiego \u015bwiadectwa?"}]},{"@type":"WebSite","@id":"https:\/\/justknow.pl\/#website","url":"https:\/\/justknow.pl\/","name":"Just know","description":"po prostu wiedz","publisher":{"@id":"https:\/\/justknow.pl\/#\/schema\/person\/172bd2c8d386991627c61dd69901d9fd"},"potentialAction":[{"@type":"SearchAction","target":{"@type":"EntryPoint","urlTemplate":"https:\/\/justknow.pl\/?s={search_term_string}"},"query-input":{"@type":"PropertyValueSpecification","valueRequired":true,"valueName":"search_term_string"}}],"inLanguage":"pl-PL"},{"@type":["Person","Organization"],"@id":"https:\/\/justknow.pl\/#\/schema\/person\/172bd2c8d386991627c61dd69901d9fd","name":"Milena Ga\u0142decka","image":{"@type":"ImageObject","inLanguage":"pl-PL","@id":"https:\/\/justknow.pl\/wp-content\/uploads\/2025\/10\/cropped-ChatGPT-Image-8-paz-2025-16_13_29.png","url":"https:\/\/justknow.pl\/wp-content\/uploads\/2025\/10\/cropped-ChatGPT-Image-8-paz-2025-16_13_29.png","contentUrl":"https:\/\/justknow.pl\/wp-content\/uploads\/2025\/10\/cropped-ChatGPT-Image-8-paz-2025-16_13_29.png","width":832,"height":282,"caption":"Milena Ga\u0142decka"},"logo":{"@id":"https:\/\/justknow.pl\/wp-content\/uploads\/2025\/10\/cropped-ChatGPT-Image-8-paz-2025-16_13_29.png"},"sameAs":["http:\/\/justknow.pl"],"url":"https:\/\/justknow.pl\/index.php\/author\/milenagaldecka\/"}]}},"_links":{"self":[{"href":"https:\/\/justknow.pl\/index.php\/wp-json\/wp\/v2\/posts\/472","targetHints":{"allow":["GET"]}}],"collection":[{"href":"https:\/\/justknow.pl\/index.php\/wp-json\/wp\/v2\/posts"}],"about":[{"href":"https:\/\/justknow.pl\/index.php\/wp-json\/wp\/v2\/types\/post"}],"author":[{"embeddable":true,"href":"https:\/\/justknow.pl\/index.php\/wp-json\/wp\/v2\/users\/2"}],"replies":[{"embeddable":true,"href":"https:\/\/justknow.pl\/index.php\/wp-json\/wp\/v2\/comments?post=472"}],"version-history":[{"count":11,"href":"https:\/\/justknow.pl\/index.php\/wp-json\/wp\/v2\/posts\/472\/revisions"}],"predecessor-version":[{"id":1097,"href":"https:\/\/justknow.pl\/index.php\/wp-json\/wp\/v2\/posts\/472\/revisions\/1097"}],"wp:featuredmedia":[{"embeddable":true,"href":"https:\/\/justknow.pl\/index.php\/wp-json\/wp\/v2\/media\/665"}],"wp:attachment":[{"href":"https:\/\/justknow.pl\/index.php\/wp-json\/wp\/v2\/media?parent=472"}],"wp:term":[{"taxonomy":"category","embeddable":true,"href":"https:\/\/justknow.pl\/index.php\/wp-json\/wp\/v2\/categories?post=472"},{"taxonomy":"post_tag","embeddable":true,"href":"https:\/\/justknow.pl\/index.php\/wp-json\/wp\/v2\/tags?post=472"}],"curies":[{"name":"wp","href":"https:\/\/api.w.org\/{rel}","templated":true}]}}