{"id":480,"date":"2025-01-19T18:47:35","date_gmt":"2025-01-19T16:47:35","guid":{"rendered":"https:\/\/justknow.pl\/?p=480"},"modified":"2025-04-16T15:45:09","modified_gmt":"2025-04-16T13:45:09","slug":"rozpoczynam-prace-w-nowym-miejscu-ile-przysluguje-mi-urlopu-wypoczynkowego","status":"publish","type":"post","link":"https:\/\/justknow.pl\/index.php\/2025\/01\/19\/rozpoczynam-prace-w-nowym-miejscu-ile-przysluguje-mi-urlopu-wypoczynkowego\/","title":{"rendered":"Wymiar urlopu wypoczynkowego"},"content":{"rendered":"\n<p>Wymiar urlopu wypoczynkowego cz\u0119sto mylony jest z limitem urlopu wypoczynkowego. Jednak wymiar i limit urlopu wypoczynkowego to dwa r\u00f3\u017cne zagadnienia. W niniejszym artykule omawiam podstawowe zagadnienia zwi\u0105zane z tematyk\u0105 wymiaru i limitu urlopu wypoczynkowego. Je\u015bli chcesz si\u0119 dowiedzie\u0107 ile Tobie przys\u0142uguje urlopu w danym roku, zapraszam do lektury.<\/p>\n\n\n\n<p>Nowa praca to wydarzenie w \u017cyciu, kt\u00f3re u jednych powoduje ekscytacj\u0119, u innych stres i obawy. Rodzi si\u0119 wiele w\u0105tpliwo\u015bci ale te\u017c pyta\u0144 realnych, dotycz\u0105cych spraw pracowniczych. W parze z now\u0105 prac\u0105 idzie m.in. <strong>wymiar i<\/strong> <strong>limit urlopu wypoczynkowego<\/strong> i pytanie &#8222;ile przys\u0142uguje mi tego urlopu?&#8221;<\/p>\n\n\n\n<p>Wymiar urlopu wypoczynkowego unormowany jest przepisami Kodeksu pracy (dalej: k.p.). Dok\u0142adnie art. 154 k.p. wskazuje, \u017ce wymiar urlopu <strong>zale\u017cy <\/strong>od Twojego <strong>og\u00f3lnego sta\u017cu pracy<\/strong>.<\/p>\n\n\n\n<blockquote class=\"wp-block-quote is-layout-flow wp-block-quote-is-layout-flow\">\n<p>Art.&nbsp; 154.&nbsp;[Wymiar urlopu wypoczynkowego]<\/p>\n\n\n\n<p>\u00a7&nbsp; 1. Wymiar urlopu wynosi:<\/p>\n\n\n\n<p>1. 20 dni &#8211; je\u017celi pracownik jest zatrudniony kr\u00f3cej ni\u017c 10 lat;<\/p>\n\n\n\n<p>2. 26 dni &#8211; je\u017celi pracownik jest zatrudniony co najmniej 10 lat.<\/p>\n\n\n\n<p>\u00a7&nbsp; 2. Wymiar urlopu dla pracownika zatrudnionego w niepe\u0142nym wymiarze czasu pracy ustala si\u0119 proporcjonalnie do wymiaru czasu pracy tego pracownika, bior\u0105c za podstaw\u0119 wymiar urlopu okre\u015blony w \u00a7 1; niepe\u0142ny dzie\u0144 urlopu zaokr\u0105gla si\u0119 w g\u00f3r\u0119 do pe\u0142nego dnia.<\/p>\n\n\n\n<p>\u00a7&nbsp; 3.&nbsp;Wymiar urlopu w danym roku kalendarzowym, ustalony na podstawie \u00a7 1 i 2, nie mo\u017ce przekroczy\u0107 wymiaru okre\u015blonego w \u00a7 1.<\/p>\n<\/blockquote>\n\n\n\n<p><strong>Limit urlopu wypoczynkowego<\/strong>, to ilo\u015b\u0107 dni urlopu z jakich mo\u017cesz skorzysta\u0107 w danym roku po uwzgl\u0119dnieniu urlopu ju\u017c przez Ciebie wykorzystanego. R\u00f3wnie\u017c tego u poprzedniego pracodawcy, je\u015bli zmieniasz prac\u0119 w ci\u0105gu roku.<\/p>\n\n\n\n<h3 class=\"wp-block-heading\"><strong>Czym jest sta\u017c pracy?<\/strong><\/h3>\n\n\n\n<p>Sta\u017c pracy to \u0142\u0105czny okres zatrudnienia w oparciu o umow\u0119 o prac\u0119 zar\u00f3wno u Twojego obecnego pracodawcy, jak i u wszystkich poprzednich. Nie ma znaczenia, w jaki spos\u00f3b zako\u0144czy\u0142y si\u0119 wcze\u015bniejsze stosunki pracy. <strong>Wa\u017cne<\/strong>: je\u015bli pracujesz lub pracowa\u0142e\u015b <strong>jednocze\u015bnie <\/strong>w dw\u00f3ch miejscach, do sta\u017cu pracy <strong>u obecnego<\/strong> pracodawcy wlicza si\u0119 wy\u0142\u0105cznie te okresy, kt\u00f3re si\u0119 <strong>nie pokrywaj\u0105<\/strong>.<\/p>\n\n\n\n<p>Sta\u017c pracy nie ogranicza si\u0119 wy\u0142\u0105cznie do okres\u00f3w zatrudnienia. Istniej\u0105 r\u00f3wnie\u017c inne okresy zaliczane do jego d\u0142ugo\u015bci, kt\u00f3re wp\u0142ywaj\u0105 na wymiar urlopu<br>S\u0105 to:<\/p>\n\n\n\n<ul class=\"wp-block-list\">\n<li>okres pobierania zasi\u0142ku dla bezrobotnych,<\/li>\n\n\n\n<li>okres pobierania stypendium podczas szkolenia dla bezrobotnych (pod warunkiem, \u017ce nie uko\u0144czy\u0142e\u015b 26. roku \u017cycia),<\/li>\n\n\n\n<li>okres odbywania sta\u017cu lub przygotowania zawodowego,<\/li>\n\n\n\n<li>okres, za kt\u00f3ry otrzyma\u0142e\u015b odszkodowanie za skr\u00f3cenie trzymiesi\u0119cznego okresu wypowiedzenia,<\/li>\n\n\n\n<li>okres odbywania zasadniczej s\u0142u\u017cby wojskowej lub pe\u0142nienia zawodowej s\u0142u\u017cby wojskowej,<\/li>\n\n\n\n<li>okres s\u0142u\u017cby w Policji, Stra\u017cy Granicznej, Pa\u0144stwowej Stra\u017cy Po\u017carnej,<\/li>\n\n\n\n<li>okres pracy w gospodarstwie rolnym (zar\u00f3wno jako prowadz\u0105cy, jak i domownik),<\/li>\n\n\n\n<li>okres pracy u zagranicznego pracodawcy.<\/li>\n<\/ul>\n\n\n\n<h3 class=\"wp-block-heading\"><strong>Wp\u0142yw okresu nauki na sta\u017c pracy<\/strong><\/h3>\n\n\n\n<p>Do sta\u017cu pracy wlicza si\u0119 r\u00f3wnie\u017c okres nauki, o ile potwierdzisz go odpowiednim dyplomem. System nauki (dzienny, wieczorowy czy zaoczny) nie ma znaczenia. Warto pami\u0119ta\u0107, \u017ce <strong>okresy nauki<\/strong> w r\u00f3\u017cnych szko\u0142ach si\u0119 <strong>nie sumuj\u0105<\/strong> \u2013 liczy si\u0119 ten, kt\u00f3ry jest dla Ciebie najkorzystniejszy. Je\u015bli <strong>jednocze\u015bnie pracowa\u0142e\u015b i studiowa\u0142e\u015b,<\/strong> uwzgl\u0119dnia si\u0119 okres pracy <strong>lub <\/strong>nauki, zale\u017cnie od tego, co jest bardziej korzystne.<\/p>\n\n\n\n<p><strong>Przyk\u0142ad:<\/strong><\/p>\n\n\n\n<p>Uko\u0144czy\u0142e\u015b \u015bredni\u0105 szko\u0142\u0119 og\u00f3lnokszta\u0142c\u0105c\u0105. Od1.04.2018 roku rozpoczynasz prac\u0119 a 5.11.2020 roku jednocze\u015bnie rozpoczynasz studia. Po zako\u0144czeniu studi\u00f3w do sta\u017cu pracy wliczasz okres od 1.04.2018 do dzi\u015b + 4 lata za szko\u0142\u0119 \u015bredni\u0105 <strong>b\u0105d\u017a <\/strong>okres od 1.4.2018 do 4.11.2020 + 8 lat za uko\u0144czenie studi\u00f3w.&nbsp;<\/p>\n\n\n\n<h3 class=\"wp-block-heading\"><strong>Ile lat za uko\u0144czenie szko\u0142y?<\/strong><\/h3>\n\n\n\n<p>Zgodnie z art. 155 k.p., do sta\u017cu pracy wlicza si\u0119:<\/p>\n\n\n\n<ul class=\"wp-block-list\">\n<li>zasadnicz\u0105 szko\u0142\u0119 zawodow\u0105 \u2013 maksymalnie 3 lata,<\/li>\n\n\n\n<li>\u015bredni\u0105 szko\u0142\u0119 zawodow\u0105 \u2013 maksymalnie 5 lat,<\/li>\n\n\n\n<li>\u015bredni\u0105 szko\u0142\u0119 og\u00f3lnokszta\u0142c\u0105c\u0105 \u2013 4 lata,<\/li>\n\n\n\n<li>szko\u0142\u0119 policealn\u0105 \u2013 6 lat,<\/li>\n\n\n\n<li>szko\u0142\u0119 wy\u017csz\u0105 \u2013 8 lat.<\/li>\n<\/ul>\n\n\n\n<h3 class=\"wp-block-heading\"><strong>Wymiar urlopu wypoczynkowego<\/strong><\/h3>\n\n\n\n<p>Po obliczeniu sta\u017cu pracy:<\/p>\n\n\n\n<ul class=\"wp-block-list\">\n<li>do 10 lat \u2013 przys\u0142uguje Ci 20 dni urlopu rocznie (160 h),<\/li>\n\n\n\n<li>powy\u017cej 10 lat \u2013 26 dni urlopu rocznie (208 h).<\/li>\n<\/ul>\n\n\n\n<p>Je\u015bli pracujesz na cz\u0119\u015b\u0107 etatu, wymiar urlopu ustala si\u0119 <strong>proporcjonalnie do wymiaru etatu<\/strong>, za podstaw\u0119 przyjmuj\u0105c 20 lub 26 dni.<\/p>\n\n\n\n<p><strong>Przyk\u0142ad:<\/strong><\/p>\n\n\n\n<div class=\"wp-block-group is-vertical is-layout-flex wp-container-core-group-is-layout-8cf370e7 wp-block-group-is-layout-flex\">\n<p>Pracujesz na \u00be etatu, a Tw\u00f3j sta\u017c pracy wynosi powy\u017cej 10 lat:<\/p>\n\n\n\n<ul class=\"wp-block-list\">\n<li>\u00be \u00d7 26 dni = 19,5 dnia, co zaokr\u0105gla si\u0119 do 20 dni (160 h).<\/li>\n<\/ul>\n<\/div>\n\n\n\n<p><strong>Przyk\u0142ad:<\/strong><\/p>\n\n\n\n<div class=\"wp-block-group is-vertical is-layout-flex wp-container-core-group-is-layout-8cf370e7 wp-block-group-is-layout-flex\">\n<p>Pracowa\u0142e\u015b na \u00be etatu od stycznia do maja, a od czerwca do grudnia na pe\u0142en etat:<\/p>\n\n\n\n<ul class=\"wp-block-list\">\n<li>Stycze\u0144 \u2013 maj: \u00be \u00d7 26 dni = 20 dni\/rok; (20\/12) \u00d7 5 miesi\u0119cy zatrudnienia = 8,33, zaokr\u0105glamy do 9 dni.<\/li>\n\n\n\n<li>Czerwiec \u2013 grudzie\u0144: (26\/12) \u00d7 7 miesi\u0119cy zatrudnienia = 15,17, zaokr\u0105glamy do 16 dni.<br>Razem: 9 + 16 = 25 dni urlopu rocznie (200 h).<\/li>\n<\/ul>\n<\/div>\n\n\n\n<h3 class=\"wp-block-heading\"><strong>Zmiana pracodawcy w trakcie roku<\/strong><\/h3>\n\n\n\n<p>Urlop przys\u0142uguje proporcjonalnie u ka\u017cdego pracodawcy w zale\u017cno\u015bci od okresu zatrudnienia.<\/p>\n\n\n\n<p><strong>Przyk\u0142ad:<\/strong><\/p>\n\n\n\n<div class=\"wp-block-group is-vertical is-layout-flex wp-container-core-group-is-layout-8cf370e7 wp-block-group-is-layout-flex\">\n<div class=\"wp-block-group is-vertical is-layout-flex wp-container-core-group-is-layout-8cf370e7 wp-block-group-is-layout-flex\">\n<p>Sta\u017c pracy powy\u017cej 10 lat. Pracowa\u0142e\u015b u jednego pracodawcy od stycznia do kwietnia, a od maja rozpocz\u0105\u0142e\u015b now\u0105 prac\u0119:<\/p>\n\n\n\n<ul class=\"wp-block-list\">\n<li>Stycze\u0144 \u2013 kwiecie\u0144: (26\/12) \u00d7 4 miesi\u0105ce zatrudnienia = 8,67, zaokr\u0105glamy do 9 dni.<\/li>\n\n\n\n<li>Maj \u2013 grudzie\u0144: (26\/12) \u00d7 8 miesi\u0119cy zatrudnienia = 17,33, zaokr\u0105glamy do 17 dni.<br>Razem: 26 dni (208 h).<\/li>\n<\/ul>\n<\/div>\n<\/div>\n\n\n\n<p>Je\u015bli w okresie stycze\u0144 &#8211; kwiecie\u0144 wykorzysta\u0142by\u015b wi\u0119cej ni\u017c 9 dni urlopu, urlop przys\u0142uguj\u0105cy Ci za okres maj &#8211; grudzie\u0144 zostanie odpowiednio zmniejszony, tak aby w sumie nie przekroczy\u0107 26 dni urlopu w roku.<\/p>\n\n\n\n<p><strong>Przyk\u0142ad:<\/strong><\/p>\n\n\n\n<div class=\"wp-block-group is-vertical is-layout-flex wp-container-core-group-is-layout-8cf370e7 wp-block-group-is-layout-flex\">\n<p>Sta\u017c pracy powy\u017cej 10 lat. Pracowa\u0142e\u015b u jednego pracodawcy od stycznia do maja, a od marca rozpocz\u0105\u0142e\u015b now\u0105 prac\u0119. W okresie marzec &#8211; maj pracowa\u0142e\u015b <strong>r\u00f3wnolegle <\/strong>w dw\u00f3ch miejscach.<\/p>\n\n\n\n<p>W takim przypadku, w okresie marzec &#8211; maj Twoje uprawnienia pracownicze np. prawo do urlopu s\u0105 dublowane. Nie mniej jednak wymiar urlopu u obu pracodawc\u00f3w zostanie obliczony proporcjonalnie do okresu Twojego zatrudnienia u nich. Tak wi\u0119c u pierwszego pracodawcy:<\/p>\n\n\n\n<p>(26\/12) x 5 miesi\u0119cy zatrudnienia = 11 dni urlopu (88 h), u drugiego pracodawcy:<\/p>\n\n\n\n<p>(26\/12) x 10 miesi\u0119cy zatrudnienia = 22 dni urlopu (176 h)<\/p>\n\n\n\n<p>\u0141\u0105czny wymiar urlopu w tym przypadku <strong>nie mo\u017ce<\/strong> <strong>by\u0107 ni\u017cszy<\/strong>, ni\u017c wynikaj\u0105cy z <strong>proporcjonalnego okresu zatrudnienia <\/strong>u wszystkich pracodawc\u00f3w.&nbsp;<\/p>\n<\/div>\n\n\n\n<h3 class=\"wp-block-heading\"><strong>Co zrobi\u0107, aby wymiar urlopu by\u0142 obliczony prawid\u0142owo?<\/strong><\/h3>\n\n\n\n<p>Przeka\u017c swojemu pracodawcy:<\/p>\n\n\n\n<ol class=\"wp-block-list\">\n<li>dokumenty potwierdzaj\u0105ce poprzednie okresy zatrudnienia (kopi\u0119).<\/li>\n\n\n\n<li>dyplomy uko\u0144czenia szk\u00f3\u0142 (kopi\u0119).<\/li>\n\n\n\n<li>inne dokumenty potwierdzaj\u0105ce okresy zaliczane do sta\u017cu pracy (kopi\u0119).<\/li>\n<\/ol>\n\n\n\n<p><strong>Pami\u0119taj, \u017ce to Twoje zadanie<\/strong> \u2013 pracodawca nie ma obowi\u0105zku upomina\u0107 si\u0119 o te dokumenty. Je\u015bli ich nie dostarczysz, wymiar urlopu mo\u017ce by\u0107 obliczony niekorzystnie.<\/p>\n\n\n\n<p>Je\u015bli masz dodatkowe pytania, koniecznie zostaw komentarz.\u00a0<\/p>\n\n\n\n<div style=\"height:25px\" aria-hidden=\"true\" class=\"wp-block-spacer\"><\/div>\n","protected":false},"excerpt":{"rendered":"<p>Wymiar urlopu wypoczynkowego cz\u0119sto mylony jest z limitem urlopu wypoczynkowego. Jednak wymiar i limit urlopu wypoczynkowego to dwa r\u00f3\u017cne zagadnienia. W niniejszym artykule omawiam podstawowe zagadnienia zwi\u0105zane z tematyk\u0105 wymiaru i limitu urlopu wypoczynkowego. Je\u015bli chcesz si\u0119 dowiedzie\u0107 ile Tobie przys\u0142uguje urlopu w danym roku, zapraszam do lektury. Nowa praca to wydarzenie w \u017cyciu, kt\u00f3re [&hellip;]<\/p>\n","protected":false},"author":2,"featured_media":663,"comment_status":"open","ping_status":"open","sticky":false,"template":"","format":"standard","meta":{"footnotes":""},"categories":[9],"tags":[38,7,42,35],"class_list":["post-480","post","type-post","status-publish","format-standard","has-post-thumbnail","hentry","category-urlop-wypoczynkowy","tag-swiadectwo-pracy","tag-urlop-wypoczynkowy","tag-wymiar-urlopu","tag-zalegly-urlop"],"yoast_head":"<!-- This site is optimized with the Yoast SEO plugin v27.5 - https:\/\/yoast.com\/product\/yoast-seo-wordpress\/ -->\n<title>Wymiar urlopu wypoczynkowego - Just know<\/title>\n<meta name=\"description\" content=\"Wymiar urlopu wypoczynkowego - jego wysoko\u015b\u0107, zale\u017cy od Twojego sta\u017cu pracy. Sta\u017c pracy to nie tylko okresy zatrudnienia na umow\u0119 o prac\u0119.\" \/>\n<meta name=\"robots\" content=\"index, follow, max-snippet:-1, max-image-preview:large, max-video-preview:-1\" \/>\n<link rel=\"canonical\" href=\"https:\/\/justknow.pl\/index.php\/2025\/01\/19\/rozpoczynam-prace-w-nowym-miejscu-ile-przysluguje-mi-urlopu-wypoczynkowego\/\" \/>\n<meta property=\"og:locale\" content=\"pl_PL\" \/>\n<meta property=\"og:type\" content=\"article\" \/>\n<meta property=\"og:title\" content=\"Wymiar urlopu wypoczynkowego - Just know\" \/>\n<meta property=\"og:description\" content=\"Wymiar urlopu wypoczynkowego - jego wysoko\u015b\u0107, zale\u017cy od Twojego sta\u017cu pracy. Sta\u017c pracy to nie tylko okresy zatrudnienia na umow\u0119 o prac\u0119.\" \/>\n<meta property=\"og:url\" content=\"https:\/\/justknow.pl\/index.php\/2025\/01\/19\/rozpoczynam-prace-w-nowym-miejscu-ile-przysluguje-mi-urlopu-wypoczynkowego\/\" \/>\n<meta property=\"og:site_name\" content=\"Just know\" \/>\n<meta property=\"article:published_time\" content=\"2025-01-19T16:47:35+00:00\" \/>\n<meta property=\"article:modified_time\" content=\"2025-04-16T13:45:09+00:00\" \/>\n<meta property=\"og:image\" content=\"https:\/\/justknow.pl\/wp-content\/uploads\/2025\/01\/office-6755544_1920.png\" \/>\n\t<meta property=\"og:image:width\" content=\"1920\" \/>\n\t<meta property=\"og:image:height\" content=\"1280\" \/>\n\t<meta property=\"og:image:type\" content=\"image\/png\" \/>\n<meta name=\"author\" content=\"Milena Ga\u0142decka\" \/>\n<meta name=\"twitter:card\" content=\"summary_large_image\" \/>\n<meta name=\"twitter:label1\" content=\"Napisane przez\" \/>\n\t<meta name=\"twitter:data1\" content=\"Milena Ga\u0142decka\" \/>\n\t<meta name=\"twitter:label2\" content=\"Szacowany czas czytania\" \/>\n\t<meta name=\"twitter:data2\" content=\"6 minut\" \/>\n<script type=\"application\/ld+json\" class=\"yoast-schema-graph\">{\"@context\":\"https:\\\/\\\/schema.org\",\"@graph\":[{\"@type\":\"Article\",\"@id\":\"https:\\\/\\\/justknow.pl\\\/index.php\\\/2025\\\/01\\\/19\\\/rozpoczynam-prace-w-nowym-miejscu-ile-przysluguje-mi-urlopu-wypoczynkowego\\\/#article\",\"isPartOf\":{\"@id\":\"https:\\\/\\\/justknow.pl\\\/index.php\\\/2025\\\/01\\\/19\\\/rozpoczynam-prace-w-nowym-miejscu-ile-przysluguje-mi-urlopu-wypoczynkowego\\\/\"},\"author\":{\"name\":\"Milena Ga\u0142decka\",\"@id\":\"https:\\\/\\\/justknow.pl\\\/#\\\/schema\\\/person\\\/172bd2c8d386991627c61dd69901d9fd\"},\"headline\":\"Wymiar urlopu wypoczynkowego\",\"datePublished\":\"2025-01-19T16:47:35+00:00\",\"dateModified\":\"2025-04-16T13:45:09+00:00\",\"mainEntityOfPage\":{\"@id\":\"https:\\\/\\\/justknow.pl\\\/index.php\\\/2025\\\/01\\\/19\\\/rozpoczynam-prace-w-nowym-miejscu-ile-przysluguje-mi-urlopu-wypoczynkowego\\\/\"},\"wordCount\":1038,\"commentCount\":0,\"publisher\":{\"@id\":\"https:\\\/\\\/justknow.pl\\\/#\\\/schema\\\/person\\\/172bd2c8d386991627c61dd69901d9fd\"},\"image\":{\"@id\":\"https:\\\/\\\/justknow.pl\\\/index.php\\\/2025\\\/01\\\/19\\\/rozpoczynam-prace-w-nowym-miejscu-ile-przysluguje-mi-urlopu-wypoczynkowego\\\/#primaryimage\"},\"thumbnailUrl\":\"https:\\\/\\\/justknow.pl\\\/wp-content\\\/uploads\\\/2025\\\/01\\\/office-6755544_1920.png\",\"keywords\":[\"\u015bwiadectwo pracy\",\"urlop wypoczynkowy\",\"wymiar urlopu\",\"zaleg\u0142y urlop\"],\"articleSection\":[\"Urlop wypoczynkowy\"],\"inLanguage\":\"pl-PL\",\"potentialAction\":[{\"@type\":\"CommentAction\",\"name\":\"Comment\",\"target\":[\"https:\\\/\\\/justknow.pl\\\/index.php\\\/2025\\\/01\\\/19\\\/rozpoczynam-prace-w-nowym-miejscu-ile-przysluguje-mi-urlopu-wypoczynkowego\\\/#respond\"]}]},{\"@type\":\"WebPage\",\"@id\":\"https:\\\/\\\/justknow.pl\\\/index.php\\\/2025\\\/01\\\/19\\\/rozpoczynam-prace-w-nowym-miejscu-ile-przysluguje-mi-urlopu-wypoczynkowego\\\/\",\"url\":\"https:\\\/\\\/justknow.pl\\\/index.php\\\/2025\\\/01\\\/19\\\/rozpoczynam-prace-w-nowym-miejscu-ile-przysluguje-mi-urlopu-wypoczynkowego\\\/\",\"name\":\"Wymiar urlopu wypoczynkowego - Just know\",\"isPartOf\":{\"@id\":\"https:\\\/\\\/justknow.pl\\\/#website\"},\"primaryImageOfPage\":{\"@id\":\"https:\\\/\\\/justknow.pl\\\/index.php\\\/2025\\\/01\\\/19\\\/rozpoczynam-prace-w-nowym-miejscu-ile-przysluguje-mi-urlopu-wypoczynkowego\\\/#primaryimage\"},\"image\":{\"@id\":\"https:\\\/\\\/justknow.pl\\\/index.php\\\/2025\\\/01\\\/19\\\/rozpoczynam-prace-w-nowym-miejscu-ile-przysluguje-mi-urlopu-wypoczynkowego\\\/#primaryimage\"},\"thumbnailUrl\":\"https:\\\/\\\/justknow.pl\\\/wp-content\\\/uploads\\\/2025\\\/01\\\/office-6755544_1920.png\",\"datePublished\":\"2025-01-19T16:47:35+00:00\",\"dateModified\":\"2025-04-16T13:45:09+00:00\",\"description\":\"Wymiar urlopu wypoczynkowego - jego wysoko\u015b\u0107, zale\u017cy od Twojego sta\u017cu pracy. Sta\u017c pracy to nie tylko okresy zatrudnienia na umow\u0119 o prac\u0119.\",\"breadcrumb\":{\"@id\":\"https:\\\/\\\/justknow.pl\\\/index.php\\\/2025\\\/01\\\/19\\\/rozpoczynam-prace-w-nowym-miejscu-ile-przysluguje-mi-urlopu-wypoczynkowego\\\/#breadcrumb\"},\"inLanguage\":\"pl-PL\",\"potentialAction\":[{\"@type\":\"ReadAction\",\"target\":[\"https:\\\/\\\/justknow.pl\\\/index.php\\\/2025\\\/01\\\/19\\\/rozpoczynam-prace-w-nowym-miejscu-ile-przysluguje-mi-urlopu-wypoczynkowego\\\/\"]}]},{\"@type\":\"ImageObject\",\"inLanguage\":\"pl-PL\",\"@id\":\"https:\\\/\\\/justknow.pl\\\/index.php\\\/2025\\\/01\\\/19\\\/rozpoczynam-prace-w-nowym-miejscu-ile-przysluguje-mi-urlopu-wypoczynkowego\\\/#primaryimage\",\"url\":\"https:\\\/\\\/justknow.pl\\\/wp-content\\\/uploads\\\/2025\\\/01\\\/office-6755544_1920.png\",\"contentUrl\":\"https:\\\/\\\/justknow.pl\\\/wp-content\\\/uploads\\\/2025\\\/01\\\/office-6755544_1920.png\",\"width\":1920,\"height\":1280},{\"@type\":\"BreadcrumbList\",\"@id\":\"https:\\\/\\\/justknow.pl\\\/index.php\\\/2025\\\/01\\\/19\\\/rozpoczynam-prace-w-nowym-miejscu-ile-przysluguje-mi-urlopu-wypoczynkowego\\\/#breadcrumb\",\"itemListElement\":[{\"@type\":\"ListItem\",\"position\":1,\"name\":\"Strona g\u0142\u00f3wna\",\"item\":\"https:\\\/\\\/justknow.pl\\\/\"},{\"@type\":\"ListItem\",\"position\":2,\"name\":\"Wymiar urlopu wypoczynkowego\"}]},{\"@type\":\"WebSite\",\"@id\":\"https:\\\/\\\/justknow.pl\\\/#website\",\"url\":\"https:\\\/\\\/justknow.pl\\\/\",\"name\":\"Just know\",\"description\":\"po prostu wiedz\",\"publisher\":{\"@id\":\"https:\\\/\\\/justknow.pl\\\/#\\\/schema\\\/person\\\/172bd2c8d386991627c61dd69901d9fd\"},\"potentialAction\":[{\"@type\":\"SearchAction\",\"target\":{\"@type\":\"EntryPoint\",\"urlTemplate\":\"https:\\\/\\\/justknow.pl\\\/?s={search_term_string}\"},\"query-input\":{\"@type\":\"PropertyValueSpecification\",\"valueRequired\":true,\"valueName\":\"search_term_string\"}}],\"inLanguage\":\"pl-PL\"},{\"@type\":[\"Person\",\"Organization\"],\"@id\":\"https:\\\/\\\/justknow.pl\\\/#\\\/schema\\\/person\\\/172bd2c8d386991627c61dd69901d9fd\",\"name\":\"Milena Ga\u0142decka\",\"image\":{\"@type\":\"ImageObject\",\"inLanguage\":\"pl-PL\",\"@id\":\"https:\\\/\\\/justknow.pl\\\/wp-content\\\/uploads\\\/2025\\\/10\\\/cropped-ChatGPT-Image-8-paz-2025-16_13_29.png\",\"url\":\"https:\\\/\\\/justknow.pl\\\/wp-content\\\/uploads\\\/2025\\\/10\\\/cropped-ChatGPT-Image-8-paz-2025-16_13_29.png\",\"contentUrl\":\"https:\\\/\\\/justknow.pl\\\/wp-content\\\/uploads\\\/2025\\\/10\\\/cropped-ChatGPT-Image-8-paz-2025-16_13_29.png\",\"width\":832,\"height\":282,\"caption\":\"Milena Ga\u0142decka\"},\"logo\":{\"@id\":\"https:\\\/\\\/justknow.pl\\\/wp-content\\\/uploads\\\/2025\\\/10\\\/cropped-ChatGPT-Image-8-paz-2025-16_13_29.png\"},\"sameAs\":[\"http:\\\/\\\/justknow.pl\"],\"url\":\"https:\\\/\\\/justknow.pl\\\/index.php\\\/author\\\/milenagaldecka\\\/\"}]}<\/script>\n<!-- \/ Yoast SEO plugin. -->","yoast_head_json":{"title":"Wymiar urlopu wypoczynkowego - Just know","description":"Wymiar urlopu wypoczynkowego - jego wysoko\u015b\u0107, zale\u017cy od Twojego sta\u017cu pracy. Sta\u017c pracy to nie tylko okresy zatrudnienia na umow\u0119 o prac\u0119.","robots":{"index":"index","follow":"follow","max-snippet":"max-snippet:-1","max-image-preview":"max-image-preview:large","max-video-preview":"max-video-preview:-1"},"canonical":"https:\/\/justknow.pl\/index.php\/2025\/01\/19\/rozpoczynam-prace-w-nowym-miejscu-ile-przysluguje-mi-urlopu-wypoczynkowego\/","og_locale":"pl_PL","og_type":"article","og_title":"Wymiar urlopu wypoczynkowego - Just know","og_description":"Wymiar urlopu wypoczynkowego - jego wysoko\u015b\u0107, zale\u017cy od Twojego sta\u017cu pracy. Sta\u017c pracy to nie tylko okresy zatrudnienia na umow\u0119 o prac\u0119.","og_url":"https:\/\/justknow.pl\/index.php\/2025\/01\/19\/rozpoczynam-prace-w-nowym-miejscu-ile-przysluguje-mi-urlopu-wypoczynkowego\/","og_site_name":"Just know","article_published_time":"2025-01-19T16:47:35+00:00","article_modified_time":"2025-04-16T13:45:09+00:00","og_image":[{"width":1920,"height":1280,"url":"https:\/\/justknow.pl\/wp-content\/uploads\/2025\/01\/office-6755544_1920.png","type":"image\/png"}],"author":"Milena Ga\u0142decka","twitter_card":"summary_large_image","twitter_misc":{"Napisane przez":"Milena Ga\u0142decka","Szacowany czas czytania":"6 minut"},"schema":{"@context":"https:\/\/schema.org","@graph":[{"@type":"Article","@id":"https:\/\/justknow.pl\/index.php\/2025\/01\/19\/rozpoczynam-prace-w-nowym-miejscu-ile-przysluguje-mi-urlopu-wypoczynkowego\/#article","isPartOf":{"@id":"https:\/\/justknow.pl\/index.php\/2025\/01\/19\/rozpoczynam-prace-w-nowym-miejscu-ile-przysluguje-mi-urlopu-wypoczynkowego\/"},"author":{"name":"Milena Ga\u0142decka","@id":"https:\/\/justknow.pl\/#\/schema\/person\/172bd2c8d386991627c61dd69901d9fd"},"headline":"Wymiar urlopu wypoczynkowego","datePublished":"2025-01-19T16:47:35+00:00","dateModified":"2025-04-16T13:45:09+00:00","mainEntityOfPage":{"@id":"https:\/\/justknow.pl\/index.php\/2025\/01\/19\/rozpoczynam-prace-w-nowym-miejscu-ile-przysluguje-mi-urlopu-wypoczynkowego\/"},"wordCount":1038,"commentCount":0,"publisher":{"@id":"https:\/\/justknow.pl\/#\/schema\/person\/172bd2c8d386991627c61dd69901d9fd"},"image":{"@id":"https:\/\/justknow.pl\/index.php\/2025\/01\/19\/rozpoczynam-prace-w-nowym-miejscu-ile-przysluguje-mi-urlopu-wypoczynkowego\/#primaryimage"},"thumbnailUrl":"https:\/\/justknow.pl\/wp-content\/uploads\/2025\/01\/office-6755544_1920.png","keywords":["\u015bwiadectwo pracy","urlop wypoczynkowy","wymiar urlopu","zaleg\u0142y urlop"],"articleSection":["Urlop wypoczynkowy"],"inLanguage":"pl-PL","potentialAction":[{"@type":"CommentAction","name":"Comment","target":["https:\/\/justknow.pl\/index.php\/2025\/01\/19\/rozpoczynam-prace-w-nowym-miejscu-ile-przysluguje-mi-urlopu-wypoczynkowego\/#respond"]}]},{"@type":"WebPage","@id":"https:\/\/justknow.pl\/index.php\/2025\/01\/19\/rozpoczynam-prace-w-nowym-miejscu-ile-przysluguje-mi-urlopu-wypoczynkowego\/","url":"https:\/\/justknow.pl\/index.php\/2025\/01\/19\/rozpoczynam-prace-w-nowym-miejscu-ile-przysluguje-mi-urlopu-wypoczynkowego\/","name":"Wymiar urlopu wypoczynkowego - Just know","isPartOf":{"@id":"https:\/\/justknow.pl\/#website"},"primaryImageOfPage":{"@id":"https:\/\/justknow.pl\/index.php\/2025\/01\/19\/rozpoczynam-prace-w-nowym-miejscu-ile-przysluguje-mi-urlopu-wypoczynkowego\/#primaryimage"},"image":{"@id":"https:\/\/justknow.pl\/index.php\/2025\/01\/19\/rozpoczynam-prace-w-nowym-miejscu-ile-przysluguje-mi-urlopu-wypoczynkowego\/#primaryimage"},"thumbnailUrl":"https:\/\/justknow.pl\/wp-content\/uploads\/2025\/01\/office-6755544_1920.png","datePublished":"2025-01-19T16:47:35+00:00","dateModified":"2025-04-16T13:45:09+00:00","description":"Wymiar urlopu wypoczynkowego - jego wysoko\u015b\u0107, zale\u017cy od Twojego sta\u017cu pracy. Sta\u017c pracy to nie tylko okresy zatrudnienia na umow\u0119 o prac\u0119.","breadcrumb":{"@id":"https:\/\/justknow.pl\/index.php\/2025\/01\/19\/rozpoczynam-prace-w-nowym-miejscu-ile-przysluguje-mi-urlopu-wypoczynkowego\/#breadcrumb"},"inLanguage":"pl-PL","potentialAction":[{"@type":"ReadAction","target":["https:\/\/justknow.pl\/index.php\/2025\/01\/19\/rozpoczynam-prace-w-nowym-miejscu-ile-przysluguje-mi-urlopu-wypoczynkowego\/"]}]},{"@type":"ImageObject","inLanguage":"pl-PL","@id":"https:\/\/justknow.pl\/index.php\/2025\/01\/19\/rozpoczynam-prace-w-nowym-miejscu-ile-przysluguje-mi-urlopu-wypoczynkowego\/#primaryimage","url":"https:\/\/justknow.pl\/wp-content\/uploads\/2025\/01\/office-6755544_1920.png","contentUrl":"https:\/\/justknow.pl\/wp-content\/uploads\/2025\/01\/office-6755544_1920.png","width":1920,"height":1280},{"@type":"BreadcrumbList","@id":"https:\/\/justknow.pl\/index.php\/2025\/01\/19\/rozpoczynam-prace-w-nowym-miejscu-ile-przysluguje-mi-urlopu-wypoczynkowego\/#breadcrumb","itemListElement":[{"@type":"ListItem","position":1,"name":"Strona g\u0142\u00f3wna","item":"https:\/\/justknow.pl\/"},{"@type":"ListItem","position":2,"name":"Wymiar urlopu wypoczynkowego"}]},{"@type":"WebSite","@id":"https:\/\/justknow.pl\/#website","url":"https:\/\/justknow.pl\/","name":"Just know","description":"po prostu wiedz","publisher":{"@id":"https:\/\/justknow.pl\/#\/schema\/person\/172bd2c8d386991627c61dd69901d9fd"},"potentialAction":[{"@type":"SearchAction","target":{"@type":"EntryPoint","urlTemplate":"https:\/\/justknow.pl\/?s={search_term_string}"},"query-input":{"@type":"PropertyValueSpecification","valueRequired":true,"valueName":"search_term_string"}}],"inLanguage":"pl-PL"},{"@type":["Person","Organization"],"@id":"https:\/\/justknow.pl\/#\/schema\/person\/172bd2c8d386991627c61dd69901d9fd","name":"Milena Ga\u0142decka","image":{"@type":"ImageObject","inLanguage":"pl-PL","@id":"https:\/\/justknow.pl\/wp-content\/uploads\/2025\/10\/cropped-ChatGPT-Image-8-paz-2025-16_13_29.png","url":"https:\/\/justknow.pl\/wp-content\/uploads\/2025\/10\/cropped-ChatGPT-Image-8-paz-2025-16_13_29.png","contentUrl":"https:\/\/justknow.pl\/wp-content\/uploads\/2025\/10\/cropped-ChatGPT-Image-8-paz-2025-16_13_29.png","width":832,"height":282,"caption":"Milena Ga\u0142decka"},"logo":{"@id":"https:\/\/justknow.pl\/wp-content\/uploads\/2025\/10\/cropped-ChatGPT-Image-8-paz-2025-16_13_29.png"},"sameAs":["http:\/\/justknow.pl"],"url":"https:\/\/justknow.pl\/index.php\/author\/milenagaldecka\/"}]}},"_links":{"self":[{"href":"https:\/\/justknow.pl\/index.php\/wp-json\/wp\/v2\/posts\/480","targetHints":{"allow":["GET"]}}],"collection":[{"href":"https:\/\/justknow.pl\/index.php\/wp-json\/wp\/v2\/posts"}],"about":[{"href":"https:\/\/justknow.pl\/index.php\/wp-json\/wp\/v2\/types\/post"}],"author":[{"embeddable":true,"href":"https:\/\/justknow.pl\/index.php\/wp-json\/wp\/v2\/users\/2"}],"replies":[{"embeddable":true,"href":"https:\/\/justknow.pl\/index.php\/wp-json\/wp\/v2\/comments?post=480"}],"version-history":[{"count":14,"href":"https:\/\/justknow.pl\/index.php\/wp-json\/wp\/v2\/posts\/480\/revisions"}],"predecessor-version":[{"id":1190,"href":"https:\/\/justknow.pl\/index.php\/wp-json\/wp\/v2\/posts\/480\/revisions\/1190"}],"wp:featuredmedia":[{"embeddable":true,"href":"https:\/\/justknow.pl\/index.php\/wp-json\/wp\/v2\/media\/663"}],"wp:attachment":[{"href":"https:\/\/justknow.pl\/index.php\/wp-json\/wp\/v2\/media?parent=480"}],"wp:term":[{"taxonomy":"category","embeddable":true,"href":"https:\/\/justknow.pl\/index.php\/wp-json\/wp\/v2\/categories?post=480"},{"taxonomy":"post_tag","embeddable":true,"href":"https:\/\/justknow.pl\/index.php\/wp-json\/wp\/v2\/tags?post=480"}],"curies":[{"name":"wp","href":"https:\/\/api.w.org\/{rel}","templated":true}]}}